{"id":151017,"date":"2023-04-14T12:17:51","date_gmt":"2023-04-14T10:17:51","guid":{"rendered":"http:\/\/www.messinaoggi.it\/website\/?p=151017"},"modified":"2023-04-14T12:17:52","modified_gmt":"2023-04-14T10:17:52","slug":"camera-commercio-blandina-confermato","status":"publish","type":"post","link":"https:\/\/www.messinaoggi.it\/website\/2023\/04\/14\/camera-commercio-blandina-confermato\/","title":{"rendered":"Camera Commercio, Blandina confermato"},"content":{"rendered":"\n<p>Con 14 voti favorevoli, 2 schede bianche, 2 nulle (uno assente), Ivo Blandina questa mattina \u00e8 stato confermato presidente della Camera di Commercio di Messina, al termine del primo consiglio camerale.<div id=\"div-gpt-ad-Messinaoggi.it-DSK-300x250-corpoart\" style=\"text-align:center;margin:0 auto;\"><\/div><\/p>\n\n\n\n<p>Non c\u2019\u00e8 stata l\u2019unanimit\u00e0 dei consensi tanto ricercata dal presidente uscente. <br>Vice presidente sar\u00e0 Alberto Palella di Confesercenti, nel segno della continuit\u00e0 trattandosi di uscente.<div id=\"videoincontent\" style=\"clear:both\";><\/div><\/p>\n\n\n\n<p>Ha vinto ancora una volta l\u2019asse Confindustria-Confesercenti, pi\u00f9 qualche altra piccola sigla.<\/p>\n\n\n\n<p><\/p>\n","protected":false},"excerpt":{"rendered":"<p>Con 14 voti favorevoli, 2 schede bianche, 2 nulle (uno assente), Ivo Blandina questa mattina \u00e8 stato confermato presidente della Camera di Commercio di Messina, al termine del primo consiglio camerale. Non c\u2019\u00e8 stata l\u2019unanimit\u00e0 dei consensi tanto ricercata dal presidente uscente. Vice presidente sar\u00e0 Alberto Palella di Confesercenti, nel segno della continuit\u00e0 trattandosi di [&hellip;]<\/p>\n","protected":false},"author":2,"featured_media":4941,"comment_status":"open","ping_status":"open","sticky":false,"template":"","format":"standard","meta":{"ub_ctt_via":"","_mi_skip_tracking":false},"categories":[5],"tags":[7455,4201,1077],"featured_image_src":"https:\/\/www.messinaoggi.it\/website\/wp-content\/uploads\/2017\/07\/blandina-ivo-RRP_7237-2.jpg","author_info":{"display_name":"Redazione","author_link":"https:\/\/www.messinaoggi.it\/website\/author\/redazione\/"},"digistream_id":0,"digistream":false,"_links":{"self":[{"href":"https:\/\/www.messinaoggi.it\/website\/wp-json\/wp\/v2\/posts\/151017"}],"collection":[{"href":"https:\/\/www.messinaoggi.it\/website\/wp-json\/wp\/v2\/posts"}],"about":[{"href":"https:\/\/www.messinaoggi.it\/website\/wp-json\/wp\/v2\/types\/post"}],"author":[{"embeddable":true,"href":"https:\/\/www.messinaoggi.it\/website\/wp-json\/wp\/v2\/users\/2"}],"replies":[{"embeddable":true,"href":"https:\/\/www.messinaoggi.it\/website\/wp-json\/wp\/v2\/comments?post=151017"}],"version-history":[{"count":1,"href":"https:\/\/www.messinaoggi.it\/website\/wp-json\/wp\/v2\/posts\/151017\/revisions"}],"predecessor-version":[{"id":151022,"href":"https:\/\/www.messinaoggi.it\/website\/wp-json\/wp\/v2\/posts\/151017\/revisions\/151022"}],"wp:featuredmedia":[{"embeddable":true,"href":"https:\/\/www.messinaoggi.it\/website\/wp-json\/wp\/v2\/media\/4941"}],"wp:attachment":[{"href":"https:\/\/www.messinaoggi.it\/website\/wp-json\/wp\/v2\/media?parent=151017"}],"wp:term":[{"taxonomy":"category","embeddable":true,"href":"https:\/\/www.messinaoggi.it\/website\/wp-json\/wp\/v2\/categories?post=151017"},{"taxonomy":"post_tag","embeddable":true,"href":"https:\/\/www.messinaoggi.it\/website\/wp-json\/wp\/v2\/tags?post=151017"}],"curies":[{"name":"wp","href":"https:\/\/api.w.org\/{rel}","templated":true}]}}