{"id":150895,"date":"2023-04-13T19:00:06","date_gmt":"2023-04-13T17:00:06","guid":{"rendered":"http:\/\/www.messinaoggi.it\/website\/?p=150895"},"modified":"2023-04-13T19:00:19","modified_gmt":"2023-04-13T17:00:19","slug":"palmira-mancuso-europa-al-congresso-alde","status":"publish","type":"post","link":"https:\/\/www.messinaoggi.it\/website\/2023\/04\/13\/palmira-mancuso-europa-al-congresso-alde\/","title":{"rendered":"Palmira Mancuso (+Europa) al congresso Alde"},"content":{"rendered":"\n<p><strong>Palmira Mancuso<\/strong> delegata di Pi\u00f9 Europa al congresso Alde di Stoccolma &#8220;Sono felice di annunciare che la nostra concittadina e dirigente di Pi\u00f9Europa la dottoressa Palmira Mancuso sar\u00e0 delegata al congresso del partito dell&#8217; Alleanza dei LiberalDemocratici Europei che si terr\u00e0 a Stoccolma dal 26 al 28 Maggio&#8221; &#8211; cos\u00ec il coordinatore di Pi\u00f9Europa Messina <strong>Giulio Perticari,<\/strong> che aggiunge: &#8220;\u00e8 un orgoglio per la nostra citt\u00e0 e da liberale sono fiero di essere rappresentato da Palmira che con la tenacia che la contraddingue porter\u00e0 avanti, dinnanzi al consesso internazionale, le grandi battaglie sull&#8217;immigrazione, la parit\u00e0 di genere e i diritti lgbtqi+ a cui da sempre ha dedicato il proprio impegno civico e politico&#8221;.<div id=\"div-gpt-ad-Messinaoggi.it-DSK-300x250-corpoart\" style=\"text-align:center;margin:0 auto;\"><\/div><\/p>\n<div id=\"videoincontent\" style=\"clear:both\";><\/div>","protected":false},"excerpt":{"rendered":"<p>Palmira Mancuso delegata di Pi\u00f9 Europa al congresso Alde di Stoccolma &#8220;Sono felice di annunciare che la nostra concittadina e dirigente di Pi\u00f9Europa la dottoressa Palmira Mancuso sar\u00e0 delegata al congresso del partito dell&#8217; Alleanza dei LiberalDemocratici Europei che si terr\u00e0 a Stoccolma dal 26 al 28 Maggio&#8221; &#8211; cos\u00ec il coordinatore di Pi\u00f9Europa Messina [&hellip;]<\/p>\n","protected":false},"author":15,"featured_media":150896,"comment_status":"open","ping_status":"open","sticky":false,"template":"","format":"standard","meta":{"ub_ctt_via":"","_mi_skip_tracking":false},"categories":[4],"tags":[7441,7438,7440,6850,5449],"featured_image_src":"https:\/\/www.messinaoggi.it\/website\/wp-content\/uploads\/2023\/04\/Palmira-Mancuso-e1706085093318.jpg","author_info":{"display_name":"red.me","author_link":"https:\/\/www.messinaoggi.it\/website\/author\/red-me\/"},"digistream_id":0,"digistream":false,"_links":{"self":[{"href":"https:\/\/www.messinaoggi.it\/website\/wp-json\/wp\/v2\/posts\/150895"}],"collection":[{"href":"https:\/\/www.messinaoggi.it\/website\/wp-json\/wp\/v2\/posts"}],"about":[{"href":"https:\/\/www.messinaoggi.it\/website\/wp-json\/wp\/v2\/types\/post"}],"author":[{"embeddable":true,"href":"https:\/\/www.messinaoggi.it\/website\/wp-json\/wp\/v2\/users\/15"}],"replies":[{"embeddable":true,"href":"https:\/\/www.messinaoggi.it\/website\/wp-json\/wp\/v2\/comments?post=150895"}],"version-history":[{"count":1,"href":"https:\/\/www.messinaoggi.it\/website\/wp-json\/wp\/v2\/posts\/150895\/revisions"}],"predecessor-version":[{"id":150897,"href":"https:\/\/www.messinaoggi.it\/website\/wp-json\/wp\/v2\/posts\/150895\/revisions\/150897"}],"wp:featuredmedia":[{"embeddable":true,"href":"https:\/\/www.messinaoggi.it\/website\/wp-json\/wp\/v2\/media\/150896"}],"wp:attachment":[{"href":"https:\/\/www.messinaoggi.it\/website\/wp-json\/wp\/v2\/media?parent=150895"}],"wp:term":[{"taxonomy":"category","embeddable":true,"href":"https:\/\/www.messinaoggi.it\/website\/wp-json\/wp\/v2\/categories?post=150895"},{"taxonomy":"post_tag","embeddable":true,"href":"https:\/\/www.messinaoggi.it\/website\/wp-json\/wp\/v2\/tags?post=150895"}],"curies":[{"name":"wp","href":"https:\/\/api.w.org\/{rel}","templated":true}]}}