{"id":150840,"date":"2023-04-13T15:07:57","date_gmt":"2023-04-13T13:07:57","guid":{"rendered":"https:\/\/www.messinaoggi.it\/website\/2023\/04\/13\/sarri-spezia-lazio-come-una-parigi-roubaix-piena-di-pave\/"},"modified":"2023-04-13T15:52:13","modified_gmt":"2023-04-13T13:52:13","slug":"sarri-spezia-lazio-come-una-parigi-roubaix-piena-di-pave","status":"publish","type":"post","link":"https:\/\/www.messinaoggi.it\/website\/2023\/04\/13\/sarri-spezia-lazio-come-una-parigi-roubaix-piena-di-pave\/","title":{"rendered":"Sarri \u201cSpezia-Lazio come una Parigi-Roubaix piena di pav\u00e8\u201d"},"content":{"rendered":"<div>ROMA (ITALPRESS) &#8211; &#8220;La capacit\u00e0 di rimanere con le motivazioni alte fa parte dello sport, domani si gioca una partita difficile in un ambiente particolare, contro una squadra che ha perso solo una volta nelle ultime sei. Questa \u00e8 la classica partita in cui in passato abbiamo peccato di presunzione e l&#8217;abbiamo pagata, una Parigi-Roubaix piena di pav\u00e8 dove pu\u00f2 succedere di tutto. Pu\u00f2 venire fuori una partita in cui, se non sei focalizzato, vai in difficolt\u00e0&#8221;. Cos\u00ec Maurizio Sarri, in conferenza stampa, presenta il match della sua Lazio contro lo Spezia. Poi uno sguardo sui singoli: &#8220;Immobile \u00e8 in crescita, non pu\u00f2 essere al 100% &#8211; sottolinea il mister biancoceleste &#8211; Vecino ha un problema al ginocchio, gli d\u00e0 fastidio da qualche giorno. Ieri era peggiorato rispetto ai precedenti, far\u00e0 3-4 giorni di cure. Cataldi? Gli manca un pizzico di cilindrata perch\u00e8 spende tanto e fa fatica nel finale, ma io preferisco cos\u00ec rispetto a uno che si gestisce. Ha fatto un percorso, si sta specializzando in questo ruolo. Il rinnovo di Pedro? A me sembra molto convinto di rimanere qui&#8221;. Nonostante il secondo posto, l&#8217;ex tecnico di Napoli, Juve e Chelsea non vuol sentire parlare di Champions League: &#8220;Ci dobbiamo arrivare tramite il campionato, al momento non ci compete. Siamo usciti sia dall&#8217;Europa League che dalla Conference League e pensare di essere da Champions, ora, \u00e8 fuori luogo. Poi il campionato ci apre delle prospettive e dobbiamo essere bravi a realizzarle. Pensiamo all&#8217;obiettivo che ci siamo dati, io sono della teoria di pensare battaglia su battaglia. Le italiane nelle coppe? Noi non ci siamo e non ce lo meritiamo. Ora siamo focalizzati su questo campionato, \u00e8 uno dei momenti decisivi e non \u00e8 il caso di disperdere energie&#8221;. Sarri torna poi sulle polemiche arbitrali seguite al big match con la Juve, vinto 2-1 dai romani: &#8220;Il colmo, nella partita contro la Juventus, \u00e8 che siamo usciti con la sensazione di essere stati penalizzati. Il gol contro la Juve era irregolare perch\u00e8 Rabiot calpesta il nostro portiere, un giocatore avversario doveva prendere 4 o 5 cartellini. Ho anche rivisto il fallo su Zaccagni e l&#8217;inizio dell&#8217;impatto \u00e8 sulla linea&#8221;. Infine un pensiero sulla designazione arbitrale contro lo Spezia: &#8220;Non ci interessa perch\u00e8 diventano alibi troppo facili. Domani c&#8217;\u00e8 Irrati, \u00e8 un buon arbitro e noi speriamo faccia una grande partita&#8221;, ha chiosato il tecnico laziale.<br \/>&#8211; foto LivePhotoSport &#8211;<br \/>(ITALPRESS).<\/div>\n<div id=\"div-gpt-ad-Messinaoggi.it-DSK-300x250-corpoart\" style=\"text-align:center;margin:0 auto;\"><\/div><\/p><div id=\"videoincontent\" style=\"clear:both\";><\/div>","protected":false},"excerpt":{"rendered":"<p>ROMA (ITALPRESS) &#8211; &#8220;La capacit\u00e0 di rimanere con le motivazioni alte fa parte dello sport, domani si gioca una partita difficile in un ambiente particolare, contro una squadra che ha perso solo una volta nelle ultime sei. Questa \u00e8 la classica partita in cui in passato abbiamo peccato di presunzione e l&#8217;abbiamo pagata, una Parigi-Roubaix [&hellip;]<\/p>\n","protected":false},"author":18,"featured_media":150841,"comment_status":"closed","ping_status":"closed","sticky":false,"template":"","format":"standard","meta":{"ub_ctt_via":"","_mi_skip_tracking":false},"categories":[10,446,9],"tags":[783],"featured_image_src":"https:\/\/www.messinaoggi.it\/website\/wp-content\/uploads\/2023\/04\/20230413_0801.jpg","author_info":{"display_name":"Admin","author_link":"https:\/\/www.messinaoggi.it\/website\/author\/admin\/"},"digistream_id":0,"digistream":false,"_links":{"self":[{"href":"https:\/\/www.messinaoggi.it\/website\/wp-json\/wp\/v2\/posts\/150840"}],"collection":[{"href":"https:\/\/www.messinaoggi.it\/website\/wp-json\/wp\/v2\/posts"}],"about":[{"href":"https:\/\/www.messinaoggi.it\/website\/wp-json\/wp\/v2\/types\/post"}],"author":[{"embeddable":true,"href":"https:\/\/www.messinaoggi.it\/website\/wp-json\/wp\/v2\/users\/18"}],"replies":[{"embeddable":true,"href":"https:\/\/www.messinaoggi.it\/website\/wp-json\/wp\/v2\/comments?post=150840"}],"version-history":[{"count":1,"href":"https:\/\/www.messinaoggi.it\/website\/wp-json\/wp\/v2\/posts\/150840\/revisions"}],"predecessor-version":[{"id":150848,"href":"https:\/\/www.messinaoggi.it\/website\/wp-json\/wp\/v2\/posts\/150840\/revisions\/150848"}],"wp:featuredmedia":[{"embeddable":true,"href":"https:\/\/www.messinaoggi.it\/website\/wp-json\/wp\/v2\/media\/150841"}],"wp:attachment":[{"href":"https:\/\/www.messinaoggi.it\/website\/wp-json\/wp\/v2\/media?parent=150840"}],"wp:term":[{"taxonomy":"category","embeddable":true,"href":"https:\/\/www.messinaoggi.it\/website\/wp-json\/wp\/v2\/categories?post=150840"},{"taxonomy":"post_tag","embeddable":true,"href":"https:\/\/www.messinaoggi.it\/website\/wp-json\/wp\/v2\/tags?post=150840"}],"curies":[{"name":"wp","href":"https:\/\/api.w.org\/{rel}","templated":true}]}}