{"id":150809,"date":"2023-04-13T14:07:58","date_gmt":"2023-04-13T12:07:58","guid":{"rendered":"https:\/\/www.messinaoggi.it\/website\/2023\/04\/13\/papa-privare-anziani-delle-medicine-e-eutanasia-progressiva\/"},"modified":"2023-04-13T14:27:46","modified_gmt":"2023-04-13T12:27:46","slug":"papa-privare-anziani-delle-medicine-e-eutanasia-progressiva","status":"publish","type":"post","link":"https:\/\/www.messinaoggi.it\/website\/2023\/04\/13\/papa-privare-anziani-delle-medicine-e-eutanasia-progressiva\/","title":{"rendered":"Papa \u201cPrivare anziani delle medicine \u00e8 eutanasia progressiva\u201d"},"content":{"rendered":"<div>ROMA (ITALPRESS) &#8211; &#8220;Il ritorno della &#8216;povert\u00e0 di salut\u00e8 sta assumendo in Italia proporzioni importanti, soprattutto nelle Regioni segnate da situazioni socio-economiche pi\u00f9 difficili. Ci sono persone che per scarsit\u00e0 di mezzi non riescono a curarsi, per le quali anche il pagamento di un ticket \u00e8 un problema; e ci sono persone che hanno difficolt\u00e0 di accesso ai servizi sanitari a causa di lunghissime liste d&#8217;attesa, anche per visite urgenti e necessarie! Il bisogno di cure intermedie poi \u00e8 sempre pi\u00f9 elevato, vista la crescente tendenza degli ospedali a dimettere i malati in tempi brevi, privilegiando la cura delle fasi pi\u00f9 acute della malattia rispetto a quella delle patologie croniche: di conseguenza queste, soprattutto per gli anziani, stanno diventando un problema serio anche dal punto di vista economico, con il rischio di favorire percorsi poco rispettosi della dignit\u00e0 stessa delle persone&#8221;. Lo ha detto Papa Francesco ricevendo in Udienza al Palazzo Apostolico Vaticano, i Membri dell&#8217;Associazione Religiosa Istituti Socio-Sanitari (ARIS).<br \/>&#8220;Un anziano deve prendere le medicine, e se per risparmiare o per questo o quel motivo non gli danno queste medicine, \u00e8 un&#8217;eutanasia nascosta e progressiva. Dobbiamo dire questo. Ogni persona ha diritto alle medicine. E tante volte &#8211; penso ad altri Paesi, in Italia non conosco molto questo, in altri Paesi s\u00ec, conosco &#8211; gli anziani che devono prendere quattro o cinque medicine e riescono solo ad averne due: questa \u00e8 un&#8217;eutanasia progressiva, perch\u00e8 non si d\u00e0 loro ci\u00f2 di cui hanno bisogno per curarsi. La sanit\u00e0 di ispirazione cristiana ha il dovere di difendere il diritto alla cura soprattutto delle fasce pi\u00f9 deboli della societ\u00e0, privilegiando i luoghi dove le persone sono pi\u00f9 sofferenti e meno curate, anche se questo pu\u00f2 richiedere la riconversione di servizi esistenti verso nuove realt\u00e0. Ogni persona malata \u00e8 per definizione fragile, povera, bisognosa di aiuto, e a volte chi \u00e8 ricco si trova pi\u00f9 solo e abbandonato di chi \u00e8 povero. Per\u00f2 \u00e8 evidente che oggi ci sono opportunit\u00e0 diverse di accesso alle cure per coloro che hanno disponibilit\u00e0 economiche rispetto alle persone pi\u00f9 indigenti&#8221;.<div id=\"div-gpt-ad-Messinaoggi.it-DSK-300x250-corpoart\" style=\"text-align:center;margin:0 auto;\"><\/div><\/p>\n<p>foto: agenziafotogramma.it<div id=\"videoincontent\" style=\"clear:both\";><\/div><\/p>\n<p>(ITALPRESS).<\/p><\/div>\n","protected":false},"excerpt":{"rendered":"<p>ROMA (ITALPRESS) &#8211; &#8220;Il ritorno della &#8216;povert\u00e0 di salut\u00e8 sta assumendo in Italia proporzioni importanti, soprattutto nelle Regioni segnate da situazioni socio-economiche pi\u00f9 difficili. Ci sono persone che per scarsit\u00e0 di mezzi non riescono a curarsi, per le quali anche il pagamento di un ticket \u00e8 un problema; e ci sono persone che hanno difficolt\u00e0 [&hellip;]<\/p>\n","protected":false},"author":18,"featured_media":150810,"comment_status":"closed","ping_status":"closed","sticky":false,"template":"","format":"standard","meta":{"ub_ctt_via":"","_mi_skip_tracking":false},"categories":[446,6],"tags":[783],"featured_image_src":"https:\/\/www.messinaoggi.it\/website\/wp-content\/uploads\/2023\/04\/20230413_0579.jpg","author_info":{"display_name":"Admin","author_link":"https:\/\/www.messinaoggi.it\/website\/author\/admin\/"},"digistream_id":0,"digistream":false,"_links":{"self":[{"href":"https:\/\/www.messinaoggi.it\/website\/wp-json\/wp\/v2\/posts\/150809"}],"collection":[{"href":"https:\/\/www.messinaoggi.it\/website\/wp-json\/wp\/v2\/posts"}],"about":[{"href":"https:\/\/www.messinaoggi.it\/website\/wp-json\/wp\/v2\/types\/post"}],"author":[{"embeddable":true,"href":"https:\/\/www.messinaoggi.it\/website\/wp-json\/wp\/v2\/users\/18"}],"replies":[{"embeddable":true,"href":"https:\/\/www.messinaoggi.it\/website\/wp-json\/wp\/v2\/comments?post=150809"}],"version-history":[{"count":1,"href":"https:\/\/www.messinaoggi.it\/website\/wp-json\/wp\/v2\/posts\/150809\/revisions"}],"predecessor-version":[{"id":150818,"href":"https:\/\/www.messinaoggi.it\/website\/wp-json\/wp\/v2\/posts\/150809\/revisions\/150818"}],"wp:featuredmedia":[{"embeddable":true,"href":"https:\/\/www.messinaoggi.it\/website\/wp-json\/wp\/v2\/media\/150810"}],"wp:attachment":[{"href":"https:\/\/www.messinaoggi.it\/website\/wp-json\/wp\/v2\/media?parent=150809"}],"wp:term":[{"taxonomy":"category","embeddable":true,"href":"https:\/\/www.messinaoggi.it\/website\/wp-json\/wp\/v2\/categories?post=150809"},{"taxonomy":"post_tag","embeddable":true,"href":"https:\/\/www.messinaoggi.it\/website\/wp-json\/wp\/v2\/tags?post=150809"}],"curies":[{"name":"wp","href":"https:\/\/api.w.org\/{rel}","templated":true}]}}