{"id":150715,"date":"2023-04-13T00:07:59","date_gmt":"2023-04-12T22:07:59","guid":{"rendered":"https:\/\/www.messinaoggi.it\/website\/2023\/04\/12\/fondimpresa-promuovere-la-formazione-e-linnovazione\/"},"modified":"2023-04-13T08:29:19","modified_gmt":"2023-04-13T06:29:19","slug":"fondimpresa-promuovere-la-formazione-e-linnovazione","status":"publish","type":"post","link":"https:\/\/www.messinaoggi.it\/website\/2023\/04\/13\/fondimpresa-promuovere-la-formazione-e-linnovazione\/","title":{"rendered":"Fondimpresa, promuovere la formazione e l\u2019innovazione"},"content":{"rendered":"<div>ROMA (ITALPRESS) &#8211; Il futuro del lavoro protagonista della due giorni promossa da Fondimpresa, il primo Fondo Interprofessionale italiano con oltre 211.000 aziende aderenti e quasi 5 milioni di lavoratori, &#8220;Il lavoro al centro. Innovare la formazione continua, innovare il paese nell&#8217;anno europeo delle competenze&#8221;. <br \/>Annamaria Trov\u00f2, vicepresidente Fondimpresa, ha aperto l&#8217;evento: &#8220;il lavoro non \u00e8 solo mezzo di sostentamento, ma anche fattore di integrazione sociale e forma fondamentale di espressione della persona. C&#8217;\u00e8 chi prevede un futuro in cui l&#8217;automazione porter\u00e0 precariet\u00e0 e disoccupazione. Altri invece, come noi, ritengono che l&#8217;innovazione tecnologica possa produrre crescita e nuovo lavoro, com&#8217;\u00e8 accaduto nella storia fino dalla Rivoluzione Industriale&#8221;. Trov\u00f2 ha spiegato che &#8220;il futuro del lavoro non dipende soltanto dalla tecnologia, sar\u00e0 condizionato da come sapremo affrontare l&#8217;innovazione in un contesto sociale e globale caratterizzato da cambiamenti e trend importanti a livello demografico sociale ed economico. Non sappiamo con certezza quali e quante professioni svaniranno da qui al prossimo futuro, ma quello che sappiamo con certezza \u00e8 che tutti o quasi i lavori si trasformeranno e avranno bisogno di lavoratori con competenze aggiornate per potere essere svolti&#8221;. <br \/>Fondimpresa con i suoi ospiti ha affrontato il tema lavoro legato alle principali trasformazioni produttive, ai cambiamenti professionali e alle sfide e le nuove opportunit\u00e0 che ne derivano. <br \/>Il convegno ha lo scopo di stimolare il dibattito sul ruolo della formazione continua e l&#8217;innovazione nel campo del lavoro, nonch\u00e8 di promuovere l&#8217;importanza delle competenze nel contesto dell&#8217;Anno Europeo delle Competenze. Nel messaggio inviato alla platea il presidente della Repubblica, Sergio Mattarella, ha sottolineato come &#8220;gli investimenti nella formazione rappresentano un importante catalizzatore di opportunit\u00e0 in mercati del lavoro in continua evoluzione&#8221;.<br \/>Il presidente di Fondimpresa, Aurelio Regina, ha espresso &#8220;gratitudine per il sostegno del Presidente Mattarella&#8221; e ha ribadito l&#8217;impegno dell&#8217;organizzazione a lavorare insieme a istituzioni, imprese e lavoratori per promuovere la formazione e l&#8217;innovazione, migliorando cos\u00ec la competitivit\u00e0 e la qualit\u00e0 del lavoro in Italia: &#8220;il messaggio del Presidente Mattarella  arriva in un momento in cui l&#8217;Italia e l&#8217;Europa stanno affrontando sfide significative nel campo del lavoro, tra cui la crescente digitalizzazione, l&#8217;automazione e la necessit\u00e0 di nuove competenze per affrontare le sfide ambientali e sociali. L&#8217;investimento nella formazione continua e nella formazione professionale \u00e8 cruciale per garantire che i lavoratori possano adattarsi e prosperare in questo scenario in rapida evoluzione&#8221;.<br \/>-foto xl3-<br \/>(ITALPRESS).<\/div>\n<div id=\"div-gpt-ad-Messinaoggi.it-DSK-300x250-corpoart\" style=\"text-align:center;margin:0 auto;\"><\/div><\/p><div id=\"videoincontent\" style=\"clear:both\";><\/div>","protected":false},"excerpt":{"rendered":"<p>ROMA (ITALPRESS) &#8211; Il futuro del lavoro protagonista della due giorni promossa da Fondimpresa, il primo Fondo Interprofessionale italiano con oltre 211.000 aziende aderenti e quasi 5 milioni di lavoratori, &#8220;Il lavoro al centro. Innovare la formazione continua, innovare il paese nell&#8217;anno europeo delle competenze&#8221;. Annamaria Trov\u00f2, vicepresidente Fondimpresa, ha aperto l&#8217;evento: &#8220;il lavoro non [&hellip;]<\/p>\n","protected":false},"author":18,"featured_media":150716,"comment_status":"closed","ping_status":"closed","sticky":false,"template":"","format":"standard","meta":{"ub_ctt_via":"","_mi_skip_tracking":false},"categories":[446,6],"tags":[783],"featured_image_src":"https:\/\/www.messinaoggi.it\/website\/wp-content\/uploads\/2023\/04\/20230412_1914.jpg","author_info":{"display_name":"Admin","author_link":"https:\/\/www.messinaoggi.it\/website\/author\/admin\/"},"digistream_id":0,"digistream":false,"_links":{"self":[{"href":"https:\/\/www.messinaoggi.it\/website\/wp-json\/wp\/v2\/posts\/150715"}],"collection":[{"href":"https:\/\/www.messinaoggi.it\/website\/wp-json\/wp\/v2\/posts"}],"about":[{"href":"https:\/\/www.messinaoggi.it\/website\/wp-json\/wp\/v2\/types\/post"}],"author":[{"embeddable":true,"href":"https:\/\/www.messinaoggi.it\/website\/wp-json\/wp\/v2\/users\/18"}],"replies":[{"embeddable":true,"href":"https:\/\/www.messinaoggi.it\/website\/wp-json\/wp\/v2\/comments?post=150715"}],"version-history":[{"count":1,"href":"https:\/\/www.messinaoggi.it\/website\/wp-json\/wp\/v2\/posts\/150715\/revisions"}],"predecessor-version":[{"id":150763,"href":"https:\/\/www.messinaoggi.it\/website\/wp-json\/wp\/v2\/posts\/150715\/revisions\/150763"}],"wp:featuredmedia":[{"embeddable":true,"href":"https:\/\/www.messinaoggi.it\/website\/wp-json\/wp\/v2\/media\/150716"}],"wp:attachment":[{"href":"https:\/\/www.messinaoggi.it\/website\/wp-json\/wp\/v2\/media?parent=150715"}],"wp:term":[{"taxonomy":"category","embeddable":true,"href":"https:\/\/www.messinaoggi.it\/website\/wp-json\/wp\/v2\/categories?post=150715"},{"taxonomy":"post_tag","embeddable":true,"href":"https:\/\/www.messinaoggi.it\/website\/wp-json\/wp\/v2\/tags?post=150715"}],"curies":[{"name":"wp","href":"https:\/\/api.w.org\/{rel}","templated":true}]}}