{"id":150630,"date":"2023-04-12T10:17:03","date_gmt":"2023-04-12T08:17:03","guid":{"rendered":"http:\/\/www.messinaoggi.it\/website\/?p=150630"},"modified":"2023-04-12T10:17:06","modified_gmt":"2023-04-12T08:17:06","slug":"accorato-appello-di-una-mamma-aiutate-gabriele","status":"publish","type":"post","link":"https:\/\/www.messinaoggi.it\/website\/2023\/04\/12\/accorato-appello-di-una-mamma-aiutate-gabriele\/","title":{"rendered":"Accorato appello di una mamma: &#8220;Aiutate Gabriele&#8221;"},"content":{"rendered":"\n<p>\u201cSono la mamma di Gabriele, in coma da un anno dopo un incidente stradale. Abbiamo la speranza di farlo risvegliare in un centro in Austria, ma abbiamo bisogno del vostro aiuto, anche piccolo, per raggiungere la cifra che serve per entrare in cura nel centro\u201d.&nbsp;<\/p>\n\n\n\n<p>Gabriele Iarrera \u00e8 il ragazzo di diciotto anni, residente a Rometta Marea, in provincia di Messina, per il quale \u00e8 partita una gara di solidariet\u00e0 sulla piattaforma <a href=\"https:\/\/gf.me\/v\/c\/gfm\/aiutami-a-svegliare-gabriele-dal-coma\" target=\"_blank\" rel=\"noreferrer noopener\">GoFundMe<\/a>, dove sono stati raccolti 6.700 euro.<\/p>\n\n\n\n<p>La madre, Enza Aragona, spiega che dopo varie cure mediche in alcuni centri del Sud Italia, la famiglia ha deciso di trasferirlo in uno dei centri riabilitativi di alta eccellenza in Austria.<\/p>\n\n\n\n<p>\u201cSiamo in attesa della data esatta per il trasferimento nella Tirol Kliniken di Hochzirl-Natters. In merito ai costi di degenza &#8211; spiega la mamma di Gabriele &#8211; i novantamila euro indicati nell\u2019obiettivo della raccolta servono a coprire i soli primi due mesi di cura\u201d.<\/p>\n\n\n\n<p>\u201cGrazie &#8211; conclude &#8211; per tutto quello che farete per mio figlio con tutto il cuore di mamma\u201d.<\/p>\n\n\n\n<p>Le donazioni finora sono state 195. La raccolta fondi \u00e8 raggiungibile al link <a href=\"https:\/\/gf.me\/v\/c\/gfm\/aiutami-a-svegliare-gabriele-dal-coma\" target=\"_blank\" rel=\"noreferrer noopener\">https:\/\/gf.me\/v\/c\/gfm\/aiutami-a-svegliare-gabriele-dal-coma<\/a>&nbsp;<\/p>\n","protected":false},"excerpt":{"rendered":"<p>\u201cSono la mamma di Gabriele, in coma da un anno dopo un incidente stradale. Abbiamo la speranza di farlo risvegliare in un centro in Austria, ma abbiamo bisogno del vostro aiuto, anche piccolo, per raggiungere la cifra che serve per entrare in cura nel centro\u201d.&nbsp; Gabriele Iarrera \u00e8 il ragazzo di diciotto anni, residente a [&hellip;]<\/p>\n","protected":false},"author":2,"featured_media":150631,"comment_status":"open","ping_status":"open","sticky":false,"template":"","format":"standard","meta":{"ub_ctt_via":"","_mi_skip_tracking":false},"categories":[13,14],"tags":[7416,7417,7418],"featured_image_src":"https:\/\/www.messinaoggi.it\/website\/wp-content\/uploads\/2023\/04\/rometta-gabriele-iarrera-raccolta-fondi-1-625x350-1.jpg","author_info":{"display_name":"Redazione","author_link":"https:\/\/www.messinaoggi.it\/website\/author\/redazione\/"},"digistream_id":0,"digistream":false,"_links":{"self":[{"href":"https:\/\/www.messinaoggi.it\/website\/wp-json\/wp\/v2\/posts\/150630"}],"collection":[{"href":"https:\/\/www.messinaoggi.it\/website\/wp-json\/wp\/v2\/posts"}],"about":[{"href":"https:\/\/www.messinaoggi.it\/website\/wp-json\/wp\/v2\/types\/post"}],"author":[{"embeddable":true,"href":"https:\/\/www.messinaoggi.it\/website\/wp-json\/wp\/v2\/users\/2"}],"replies":[{"embeddable":true,"href":"https:\/\/www.messinaoggi.it\/website\/wp-json\/wp\/v2\/comments?post=150630"}],"version-history":[{"count":1,"href":"https:\/\/www.messinaoggi.it\/website\/wp-json\/wp\/v2\/posts\/150630\/revisions"}],"predecessor-version":[{"id":150632,"href":"https:\/\/www.messinaoggi.it\/website\/wp-json\/wp\/v2\/posts\/150630\/revisions\/150632"}],"wp:featuredmedia":[{"embeddable":true,"href":"https:\/\/www.messinaoggi.it\/website\/wp-json\/wp\/v2\/media\/150631"}],"wp:attachment":[{"href":"https:\/\/www.messinaoggi.it\/website\/wp-json\/wp\/v2\/media?parent=150630"}],"wp:term":[{"taxonomy":"category","embeddable":true,"href":"https:\/\/www.messinaoggi.it\/website\/wp-json\/wp\/v2\/categories?post=150630"},{"taxonomy":"post_tag","embeddable":true,"href":"https:\/\/www.messinaoggi.it\/website\/wp-json\/wp\/v2\/tags?post=150630"}],"curies":[{"name":"wp","href":"https:\/\/api.w.org\/{rel}","templated":true}]}}