{"id":15062,"date":"2018-02-01T19:42:18","date_gmt":"2018-02-01T18:42:18","guid":{"rendered":"http:\/\/www.messinaoggi.it\/website\/?p=15062"},"modified":"2018-02-01T19:42:18","modified_gmt":"2018-02-01T18:42:18","slug":"sanita-luniversita-pegaso-ne-parla-domani-al-vittorio-emanuele","status":"publish","type":"post","link":"https:\/\/www.messinaoggi.it\/website\/2018\/02\/01\/sanita-luniversita-pegaso-ne-parla-domani-al-vittorio-emanuele\/","title":{"rendered":"Sanit\u00e0, l&#039;Universit\u00e0 Pegaso ne parla domani al Vittorio Emanuele"},"content":{"rendered":"<p>Venerd\u00ec 2 al Teatro Vittorio Emanuele l&#8217;incontro promosso dall\u2019Universit\u00e0 telematica Pegaso.\u00a0Si \u00e8 aperto un anno importante che vede contemporaneamente il rinnovarsi di tutti i livelli di governo, regionale, nazionale e locale, quindi nuovi attori decisionali che fra l\u2019altro saranno alle prese con scelte e indicazioni sul fronte sociale e primariamente sulle questioni inerenti alla tutela della salute.<br \/>\nDal rapporto medico-paziente a una migliore organizzazione dell\u2019accoglienza ospedaliera, per passare a temi come la sicurezza degli operatori nei pres\u00ecdi, e in generale a un pi\u00f9 efficiente sistema assistenziale, le risposte non sono sempre e dappertutto all\u2019altezza delle attese di chi vi lavora e dei cittadini utenti del servizio. Temi su cui si registra una sensibilit\u00e0 crescente.<br \/>\nE se \u201cle cose migliori si ottengono con il massimo della passione\u201d come scriveva Goethe, ecco che meritano di essere sottolineate anche le tante quotidiane cose buone, opera di chi ogni giorno si spende con tutto il proprio impegno nelle corsie e nelle sale operatorie, negli studi professionali o nel settore dell\u2019emergenza.<br \/>\nAllora, serve pure informare di pi\u00f9 per far crescere una consapevolezza diffusa rispetto a tematiche che toccano da vicino la salute dei cittadini. E\u2019 l\u2019obiettivo di questo primo incontro promosso dall\u2019Universit\u00e0 telematica Pegaso che venerd\u00ec 2 febbraio (inizio ore 15.00) riunir\u00e0 al Teatro Vittorio Emanuele alcuni dei responsabili sul territorio del sistema Sanit\u00e0, per un confronto a pi\u00f9 voci che coinvolger\u00e0 gli assessori regionali Gaetano Armao, Ruggero Razza e Bernardette Grasso, i manager delle aziende ospedaliere, i deputati della Commissione sanit\u00e0 dell\u2019Ars (per la prima volta sono cinque i componenti messinesi), oltre a relatori e rappresentanti di medici, odontoiatri, infermieri, sindacalisti.<br \/>\nDopo i saluti istituzionali e l\u2019introduzione di Nanni Ricevuto, toccher\u00e0 ai relatori Filippo Anelli presidente nazionale degli Ordini dei medici; Gustavo Barresi del direttivo regionale case di cura e Dino Bramanti del Consiglio superiore di sanit\u00e0 mettere a fuoco alcuni argomenti su cui si svilupper\u00e0 il dibattito con gli interventi dei direttori generali Angelo Aliqu\u00f2, Maria Letizia Di Liberti, Gaetano Sirna, Michele Vullo; e degli onorevoli Elvira Amata, Tommaso Calderone, Franco De Domenico, Antonio De Luca, Pino Galluzzo; e di Nino Trino, in rappresentanza dell\u2019Ipasvi. Moderatori il presidente dell\u2019Ordine dei medici di Messina Giacomo Caudo e il giornalista Massimiliano Cavaleri.<br \/>\n\u201cLa definizione di salute, come ci ricorda l\u2019Organizzazione mondiale della Sanit\u00e0 non \u00e8 solo l\u2019assenza di malattia ma anche uno stato di completo benessere fisico, mentale e sociale. Intendiamo con questo primo incontro sensibilizzare i giovani e perseguire alcuni obiettivi &#8211; dice Ricevuto &#8211; e fra questi di certo vi \u00e8 la sicurezza degli operatori, che devono poter svolgere in serenit\u00e0 il loro lavoro; poi migliorare la comunicazione in termini di maggiore sinergia tra aziende e di rapporto con gli utenti del servizio sanit\u00e0 per rendere efficace la percezione di un sistema che funziona ma pure per recepire segnalazioni di ci\u00f2 che va corretto; aumentare la fiducia dei cittadini\u201d.<div id=\"div-gpt-ad-Messinaoggi.it-DSK-300x250-corpoart\" style=\"text-align:center;margin:0 auto;\"><\/div><\/p>\n<div id=\"videoincontent\" style=\"clear:both\";><\/div>","protected":false},"excerpt":{"rendered":"<p>Venerd\u00ec 2 al Teatro Vittorio Emanuele l&#8217;incontro promosso dall\u2019Universit\u00e0 telematica Pegaso.\u00a0Si \u00e8 aperto un anno importante che vede contemporaneamente il rinnovarsi di tutti i livelli di governo, regionale, nazionale e locale, quindi nuovi attori decisionali che fra l\u2019altro saranno alle prese con scelte e indicazioni sul fronte sociale e primariamente sulle questioni inerenti alla tutela [&hellip;]<\/p>\n","protected":false},"author":2,"featured_media":15050,"comment_status":"closed","ping_status":"open","sticky":false,"template":"","format":"standard","meta":{"ub_ctt_via":"","_mi_skip_tracking":false},"categories":[5],"tags":[],"featured_image_src":"https:\/\/www.messinaoggi.it\/website\/wp-content\/uploads\/2018\/02\/pegaso1-1.jpg","author_info":{"display_name":"Redazione","author_link":"https:\/\/www.messinaoggi.it\/website\/author\/redazione\/"},"digistream_id":0,"digistream":false,"_links":{"self":[{"href":"https:\/\/www.messinaoggi.it\/website\/wp-json\/wp\/v2\/posts\/15062"}],"collection":[{"href":"https:\/\/www.messinaoggi.it\/website\/wp-json\/wp\/v2\/posts"}],"about":[{"href":"https:\/\/www.messinaoggi.it\/website\/wp-json\/wp\/v2\/types\/post"}],"author":[{"embeddable":true,"href":"https:\/\/www.messinaoggi.it\/website\/wp-json\/wp\/v2\/users\/2"}],"replies":[{"embeddable":true,"href":"https:\/\/www.messinaoggi.it\/website\/wp-json\/wp\/v2\/comments?post=15062"}],"version-history":[{"count":0,"href":"https:\/\/www.messinaoggi.it\/website\/wp-json\/wp\/v2\/posts\/15062\/revisions"}],"wp:featuredmedia":[{"embeddable":true,"href":"https:\/\/www.messinaoggi.it\/website\/wp-json\/wp\/v2\/media\/15050"}],"wp:attachment":[{"href":"https:\/\/www.messinaoggi.it\/website\/wp-json\/wp\/v2\/media?parent=15062"}],"wp:term":[{"taxonomy":"category","embeddable":true,"href":"https:\/\/www.messinaoggi.it\/website\/wp-json\/wp\/v2\/categories?post=15062"},{"taxonomy":"post_tag","embeddable":true,"href":"https:\/\/www.messinaoggi.it\/website\/wp-json\/wp\/v2\/tags?post=15062"}],"curies":[{"name":"wp","href":"https:\/\/api.w.org\/{rel}","templated":true}]}}