{"id":150586,"date":"2023-04-11T20:42:03","date_gmt":"2023-04-11T18:42:03","guid":{"rendered":"http:\/\/www.messinaoggi.it\/website\/?p=150586"},"modified":"2023-04-11T20:42:19","modified_gmt":"2023-04-11T18:42:19","slug":"scuola-si-riparte-il-13-settembre","status":"publish","type":"post","link":"https:\/\/www.messinaoggi.it\/website\/2023\/04\/11\/scuola-si-riparte-il-13-settembre\/","title":{"rendered":"Scuola, si riparte il 13 settembre"},"content":{"rendered":"\n<p>L\u2019anno scolastico 2023\/2024 in Sicilia partir\u00e0 mercoled\u00ec 13 settembre 2023 e si chiuder\u00e0 sabato 8 giugno 2024. Lo stabilisce un decreto dell\u2019assessorato regionale dell\u2019Istruzione che riguarda tutte le scuole di ogni ordine e grado operanti sull\u2019Isola. Soltanto per le scuole dell\u2019infanzia il termine delle attivit\u00e0 educative \u00e8 fissato al 29 giugno 2024, ma nel periodo compreso tra il 10 e il 28 giugno gli istituti potranno lasciare in funzione le sole sezioni necessarie a garantire il servizio. Le vacanze di Natale sono previste dal 23 dicembre 2023 al 6 gennaio 2024, quelle di Pasqua dal 28 marzo al 2 aprile 2024. Da quest\u2019anno sar\u00e0 vacanza anche il 2 novembre, giorno della commemorazione dei defunti. Le istituzioni scolastiche possono stabilire ulteriori sospensioni delle lezioni, per un massimo di tre giorni. La ricorrenza del 15 maggio, festa dell\u2019Autonomia Siciliana, non prevede una sospensione delle lezioni perch\u00e9 \u00e8 dedicata a specifici momenti di aggregazione scolastica per lo studio dello Statuto della Regione Siciliana e per l\u2019approfondimento di problematiche connesse all\u2019autonomia, alla storia e all\u2019identit\u00e0 regionale.\u00a0<div id=\"div-gpt-ad-Messinaoggi.it-DSK-300x250-corpoart\" style=\"text-align:center;margin:0 auto;\"><\/div><\/p>\n<div id=\"videoincontent\" style=\"clear:both\";><\/div>","protected":false},"excerpt":{"rendered":"<p>L\u2019anno scolastico 2023\/2024 in Sicilia partir\u00e0 mercoled\u00ec 13 settembre 2023 e si chiuder\u00e0 sabato 8 giugno 2024. Lo stabilisce un decreto dell\u2019assessorato regionale dell\u2019Istruzione che riguarda tutte le scuole di ogni ordine e grado operanti sull\u2019Isola. Soltanto per le scuole dell\u2019infanzia il termine delle attivit\u00e0 educative \u00e8 fissato al 29 giugno 2024, ma nel periodo [&hellip;]<\/p>\n","protected":false},"author":4,"featured_media":82777,"comment_status":"open","ping_status":"open","sticky":false,"template":"","format":"standard","meta":{"ub_ctt_via":"","_mi_skip_tracking":false},"categories":[5],"tags":[2509,586],"featured_image_src":"https:\/\/www.messinaoggi.it\/website\/wp-content\/uploads\/2021\/10\/20211007_1775.jpg","author_info":{"display_name":"redme","author_link":"https:\/\/www.messinaoggi.it\/website\/author\/redme\/"},"digistream_id":0,"digistream":false,"_links":{"self":[{"href":"https:\/\/www.messinaoggi.it\/website\/wp-json\/wp\/v2\/posts\/150586"}],"collection":[{"href":"https:\/\/www.messinaoggi.it\/website\/wp-json\/wp\/v2\/posts"}],"about":[{"href":"https:\/\/www.messinaoggi.it\/website\/wp-json\/wp\/v2\/types\/post"}],"author":[{"embeddable":true,"href":"https:\/\/www.messinaoggi.it\/website\/wp-json\/wp\/v2\/users\/4"}],"replies":[{"embeddable":true,"href":"https:\/\/www.messinaoggi.it\/website\/wp-json\/wp\/v2\/comments?post=150586"}],"version-history":[{"count":1,"href":"https:\/\/www.messinaoggi.it\/website\/wp-json\/wp\/v2\/posts\/150586\/revisions"}],"predecessor-version":[{"id":150587,"href":"https:\/\/www.messinaoggi.it\/website\/wp-json\/wp\/v2\/posts\/150586\/revisions\/150587"}],"wp:featuredmedia":[{"embeddable":true,"href":"https:\/\/www.messinaoggi.it\/website\/wp-json\/wp\/v2\/media\/82777"}],"wp:attachment":[{"href":"https:\/\/www.messinaoggi.it\/website\/wp-json\/wp\/v2\/media?parent=150586"}],"wp:term":[{"taxonomy":"category","embeddable":true,"href":"https:\/\/www.messinaoggi.it\/website\/wp-json\/wp\/v2\/categories?post=150586"},{"taxonomy":"post_tag","embeddable":true,"href":"https:\/\/www.messinaoggi.it\/website\/wp-json\/wp\/v2\/tags?post=150586"}],"curies":[{"name":"wp","href":"https:\/\/api.w.org\/{rel}","templated":true}]}}