{"id":15053,"date":"2018-02-01T12:58:12","date_gmt":"2018-02-01T11:58:12","guid":{"rendered":"http:\/\/www.messinaoggi.it\/website\/?p=15053"},"modified":"2018-02-01T12:58:12","modified_gmt":"2018-02-01T11:58:12","slug":"le-politiche-come-antipasto-in-consiglio-ce-gia-chi-cerca-un-posto-al-sole","status":"publish","type":"post","link":"https:\/\/www.messinaoggi.it\/website\/2018\/02\/01\/le-politiche-come-antipasto-in-consiglio-ce-gia-chi-cerca-un-posto-al-sole\/","title":{"rendered":"Le Politiche come antipasto, in Consiglio c&#039;\u00e8 gi\u00e0 chi cerca un posto al sole"},"content":{"rendered":"<p style=\"text-align: justify\">Sembra passato un secolo ed invece sono trascorsi appena 4 mesi da quelle elezioni regionali che sembravano aver spianato la strada ai futuri successi del centrodestra, la cui barca sembrava ormai pronta ad accogliere i naufraghi e delusi delle altre parti.<div id=\"div-gpt-ad-Messinaoggi.it-DSK-300x250-corpoart\" style=\"text-align:center;margin:0 auto;\"><\/div><\/p>\n<p style=\"text-align: justify\">Effettivamente sia a ridosso che dopo la tornata elettorale dello scorso 4 novembre, in molti sono tornati alla \u201ccasa madre\u201d tornata improvvisamente accogliente e pronta a tornare ai fasti di un tempo.<div id=\"videoincontent\" style=\"clear:both\";><\/div><\/p>\n<p style=\"text-align: justify\">Dopo poche settimane lo scenario sembra un po&#8217; cambiato, anche tra i consiglieri comunali c\u2019\u00e8 chi \u00e8 pronto ad usare le prossime elezioni politiche come fase di \u201c<em>riscaldamento<\/em>\u201d per le amministrative, c\u2019\u00e8 gi\u00e0 chi \u00e8 alla ricerca del posto al sole in grado di garantire un la posizione ritenuta pi\u00f9 congeniale per tentare la riconferma al civico consesso.<\/p>\n<p style=\"text-align: justify\">Le candidature hanno creato parecchie ruggini soprattutto tra i banchi del centrodestra, il caso pi\u00f9 eclatante riguarda proprio la presidente dell\u2019aula, Emilia Barrile, che si \u00e8 autosospesa da Forza Italia, dopo essere stata in odore di candidatura per diverse settimane.<\/p>\n<p style=\"text-align: justify\">La Barrile, genovesiana doc, si sente tradita proprio dalla corrente che ha difeso anche nei momenti pi\u00f9 difficili, attende un confronto con il coordinatore regionale Gianfranco Miccich\u00e8.<\/p>\n<p style=\"text-align: justify\">Sin qui non c\u2019\u00e8 stato nessun segnale dal partito, ma al momento sono in molti quelli che vedono la Barrile ormai fuori dal contesto azzurro. Il centrosinistra cerca di rafforzarsi, domani Giuseppe De Leo, eletto nel Megafono per poi transitare al Gruppo Misto, annuncer\u00e0 il passaggio a Sicilia Futura: \u201c<em>Ormai da tempo \u00e8 un fitto dialogo con Beppe Picciolo, c\u2019\u00e8 una chiara condivisione sui programmi e ultimer\u00f2 il mio mandato con loro al fianco del collega Alessandro La Cava. Ovviamente per il prossimo 4 marzo cercher\u00f2 di dare il mio contributo al Partito Democratico e ai suoi candidati a partire da Pietro Navarra\u201d.<\/em><\/p>\n<p style=\"text-align: justify\">Ma tra i banchi del Consiglio Comunale si parla anche di un probabile, se non imminente, passaggio di un giovane consiglieri del centrodestra verso il Partito Democratico. L\u2019altro grande punto interrogativo riguarda il futuro di Gianpiero D\u2019Alia.<\/p>\n<p style=\"text-align: justify\">I quattro consiglieri dei Centristi momento attendono segnali dal proprio leader che ha annunciato l\u2019uscita dalla scena politica, decisione che potrebbe essere rivista nei prossimi mesi.<\/p>\n<p style=\"text-align: justify\">D\u2019altronde non sarebbe certo la prima volta, visto che lo stesso D\u2019Alia gi\u00e0 nel 1994, da giovane e rampante consigliere comunale, ruppe politicamente con il padre annunciando l\u2019intenzione di ritirarsi a vita privata. Quattro anni dopo divent\u00f2 vicesindaco di Leonardi prima di iniziare l\u2019avventura parlamentare nel 2000.<\/p>\n","protected":false},"excerpt":{"rendered":"<p>Sembra passato un secolo ed invece sono trascorsi appena 4 mesi da quelle elezioni regionali che sembravano aver spianato la strada ai futuri successi del centrodestra, la cui barca sembrava ormai pronta ad accogliere i naufraghi e delusi delle altre parti. Effettivamente sia a ridosso che dopo la tornata elettorale dello scorso 4 novembre, in [&hellip;]<\/p>\n","protected":false},"author":1,"featured_media":2711,"comment_status":"closed","ping_status":"open","sticky":false,"template":"","format":"standard","meta":{"ub_ctt_via":"","_mi_skip_tracking":false},"categories":[6],"tags":[],"featured_image_src":"https:\/\/www.messinaoggi.it\/website\/wp-content\/uploads\/2017\/06\/votazione-in-consiglio-su-messina-servizi_4071-2.jpg","author_info":{"display_name":"admin@admin.com","author_link":"https:\/\/www.messinaoggi.it\/website\/author\/adminadmin-com\/"},"digistream_id":0,"digistream":false,"_links":{"self":[{"href":"https:\/\/www.messinaoggi.it\/website\/wp-json\/wp\/v2\/posts\/15053"}],"collection":[{"href":"https:\/\/www.messinaoggi.it\/website\/wp-json\/wp\/v2\/posts"}],"about":[{"href":"https:\/\/www.messinaoggi.it\/website\/wp-json\/wp\/v2\/types\/post"}],"author":[{"embeddable":true,"href":"https:\/\/www.messinaoggi.it\/website\/wp-json\/wp\/v2\/users\/1"}],"replies":[{"embeddable":true,"href":"https:\/\/www.messinaoggi.it\/website\/wp-json\/wp\/v2\/comments?post=15053"}],"version-history":[{"count":0,"href":"https:\/\/www.messinaoggi.it\/website\/wp-json\/wp\/v2\/posts\/15053\/revisions"}],"wp:featuredmedia":[{"embeddable":true,"href":"https:\/\/www.messinaoggi.it\/website\/wp-json\/wp\/v2\/media\/2711"}],"wp:attachment":[{"href":"https:\/\/www.messinaoggi.it\/website\/wp-json\/wp\/v2\/media?parent=15053"}],"wp:term":[{"taxonomy":"category","embeddable":true,"href":"https:\/\/www.messinaoggi.it\/website\/wp-json\/wp\/v2\/categories?post=15053"},{"taxonomy":"post_tag","embeddable":true,"href":"https:\/\/www.messinaoggi.it\/website\/wp-json\/wp\/v2\/tags?post=15053"}],"curies":[{"name":"wp","href":"https:\/\/api.w.org\/{rel}","templated":true}]}}