{"id":150454,"date":"2023-04-10T14:07:54","date_gmt":"2023-04-10T12:07:54","guid":{"rendered":"https:\/\/www.messinaoggi.it\/website\/2023\/04\/10\/il-papa-torna-a-invocare-la-pace-e-ricorda-laccordo-di-belfast\/"},"modified":"2023-04-10T14:24:59","modified_gmt":"2023-04-10T12:24:59","slug":"il-papa-torna-a-invocare-la-pace-e-ricorda-laccordo-di-belfast","status":"publish","type":"post","link":"https:\/\/www.messinaoggi.it\/website\/2023\/04\/10\/il-papa-torna-a-invocare-la-pace-e-ricorda-laccordo-di-belfast\/","title":{"rendered":"Il Papa torna a invocare la pace e ricorda l\u2019accordo di Belfast"},"content":{"rendered":"<div>ROMA (ITALPRESS) &#8211; &#8220;Perseveriamo nell&#8217;invocare il dono della pace per tutto il mondo, specialmente per la cara e martoriata Ucraina&#8221;. Cos\u00ec Papa Francesco dopo il Regina Caeli in piazza San Pietro, rivolgendosi alla folla. Poi, il Santo Padre ha ricordato come &#8220;oggi ricorre il venticinquesimo anniversario del cosiddetto &#8216;Accordo del Venerd\u00ec Santo o di Belfast&#8217;, il quale ha messo fine alle violenze che, per decenni, avevano turbato l&#8217;Irlanda del Nord. Con spirito riconoscente, prego il Dio della pace che quanto ottenuto in quel passaggio storico si possa consolidare a beneficio di tutti gli uomini e le donne dell&#8217;Isola d&#8217;Irlanda&#8221;.<br \/>Nel corso della celebrazione, il Papa ha sottolineato come &#8220;quando noi annunciamo il Signore, il Signore viene a noi. A volte pensiamo che il modo per stare vicini a Dio sia quello di tenerlo ben stretto a noi perch\u00e8 poi, se ci esponiamo e ci mettiamo a parlarne, arrivano giudizi, critiche, magari non sappiamo rispondere a certe domande o provocazioni. Allora \u00e8 meglio non parlarne e chiudersi: no, questo non \u00e8 buono. Invece il Signore viene mentre lo si annuncia. Ges\u00f9 si incontra testimoniandolo&#8221;. Quindi, Francesco evidenzia come &#8220;annunciare \u00e8 una cosa, fare propaganda e proselitismo \u00e8 un&#8217;altra. Il cristiano annuncia, chi ha altri scopi fa proselitismo e questo non va. Ogni volta che lo annunciamo, il Signore viene incontro a noi. Lui viene con rispetto e amore, come il dono pi\u00f9 bello da condividere. Ges\u00f9 dimora di pi\u00f9 in noi ogni volta che noi lo annunciamo&#8221;.<br \/>(ITALPRESS).<br \/>-foto agenziafotogramma.it-<\/div>\n<div id=\"div-gpt-ad-Messinaoggi.it-DSK-300x250-corpoart\" style=\"text-align:center;margin:0 auto;\"><\/div><\/p><div id=\"videoincontent\" style=\"clear:both\";><\/div>","protected":false},"excerpt":{"rendered":"<p>ROMA (ITALPRESS) &#8211; &#8220;Perseveriamo nell&#8217;invocare il dono della pace per tutto il mondo, specialmente per la cara e martoriata Ucraina&#8221;. Cos\u00ec Papa Francesco dopo il Regina Caeli in piazza San Pietro, rivolgendosi alla folla. Poi, il Santo Padre ha ricordato come &#8220;oggi ricorre il venticinquesimo anniversario del cosiddetto &#8216;Accordo del Venerd\u00ec Santo o di Belfast&#8217;, [&hellip;]<\/p>\n","protected":false},"author":18,"featured_media":150455,"comment_status":"closed","ping_status":"closed","sticky":false,"template":"","format":"standard","meta":{"ub_ctt_via":"","_mi_skip_tracking":false},"categories":[446,6],"tags":[783],"featured_image_src":"https:\/\/www.messinaoggi.it\/website\/wp-content\/uploads\/2023\/04\/20230410_0319.jpg","author_info":{"display_name":"Admin","author_link":"https:\/\/www.messinaoggi.it\/website\/author\/admin\/"},"digistream_id":0,"digistream":false,"_links":{"self":[{"href":"https:\/\/www.messinaoggi.it\/website\/wp-json\/wp\/v2\/posts\/150454"}],"collection":[{"href":"https:\/\/www.messinaoggi.it\/website\/wp-json\/wp\/v2\/posts"}],"about":[{"href":"https:\/\/www.messinaoggi.it\/website\/wp-json\/wp\/v2\/types\/post"}],"author":[{"embeddable":true,"href":"https:\/\/www.messinaoggi.it\/website\/wp-json\/wp\/v2\/users\/18"}],"replies":[{"embeddable":true,"href":"https:\/\/www.messinaoggi.it\/website\/wp-json\/wp\/v2\/comments?post=150454"}],"version-history":[{"count":1,"href":"https:\/\/www.messinaoggi.it\/website\/wp-json\/wp\/v2\/posts\/150454\/revisions"}],"predecessor-version":[{"id":150456,"href":"https:\/\/www.messinaoggi.it\/website\/wp-json\/wp\/v2\/posts\/150454\/revisions\/150456"}],"wp:featuredmedia":[{"embeddable":true,"href":"https:\/\/www.messinaoggi.it\/website\/wp-json\/wp\/v2\/media\/150455"}],"wp:attachment":[{"href":"https:\/\/www.messinaoggi.it\/website\/wp-json\/wp\/v2\/media?parent=150454"}],"wp:term":[{"taxonomy":"category","embeddable":true,"href":"https:\/\/www.messinaoggi.it\/website\/wp-json\/wp\/v2\/categories?post=150454"},{"taxonomy":"post_tag","embeddable":true,"href":"https:\/\/www.messinaoggi.it\/website\/wp-json\/wp\/v2\/tags?post=150454"}],"curies":[{"name":"wp","href":"https:\/\/api.w.org\/{rel}","templated":true}]}}