{"id":150442,"date":"2023-04-10T11:30:50","date_gmt":"2023-04-10T09:30:50","guid":{"rendered":"http:\/\/www.messinaoggi.it\/website\/?p=150442"},"modified":"2023-04-10T11:30:51","modified_gmt":"2023-04-10T09:30:51","slug":"morte-di-marchetta-udienza-preliminare-il-24-maggio","status":"publish","type":"post","link":"https:\/\/www.messinaoggi.it\/website\/2023\/04\/10\/morte-di-marchetta-udienza-preliminare-il-24-maggio\/","title":{"rendered":"Morte di Marchetta, udienza preliminare il 24 maggio"},"content":{"rendered":"\n<p>E&#8217; stata fissata il prossimo 24 maggio l&#8217;udienza preliminare nei confronti di Antonio Mencaroni e Maurizio Traina, accusati di avere provocato la morte di Salvatore Marchetta, l&#8217;operaio precipitato dal balcone di un&#8217;abitazione di Pace, lo scorso 26 maggio.<div id=\"div-gpt-ad-Messinaoggi.it-DSK-300x250-corpoart\" style=\"text-align:center;margin:0 auto;\"><\/div><\/p>\n\n\n\n<p>L&#8217;operaio stava lavorando per conto della ditta &#8220;Progetto Neon Srl&#8221; alla sostituzione degli infissi di un appartamento, quando si \u00e8 verificata la disgrazia. <div id=\"videoincontent\" style=\"clear:both\";><\/div><\/p>\n\n\n\n<p>Il pubblico ministero Fabio Pagana ha richiesto il rinvio a giudizio nei confronti di Antonio Mencaroni, titolare della &#8220;Progetto Neon Srl&#8221;, e di Maurizio Traina, titolare della Mt Costruzioni, difesi rispettivamente dagli avvocati Gianbattista Freni e Nino Cacia.<\/p>\n\n\n\n<p>E proprio quest&#8217;ultimo legale afferma: &#8220;La Mt costruzioni dimostrer\u00e0 l&#8217;assoluta liceit\u00e0 delle condotte. Nessun addebito pu\u00f2 essere mosso al legale rappresentante dell&#8217;impresa: i lavori di cantiere erano conclusi e lo sfortunato lavoratore era in forza ad un&#8217;altra ditta&#8221;.<\/p>\n","protected":false},"excerpt":{"rendered":"<p>E&#8217; stata fissata il prossimo 24 maggio l&#8217;udienza preliminare nei confronti di Antonio Mencaroni e Maurizio Traina, accusati di avere provocato la morte di Salvatore Marchetta, l&#8217;operaio precipitato dal balcone di un&#8217;abitazione di Pace, lo scorso 26 maggio. L&#8217;operaio stava lavorando per conto della ditta &#8220;Progetto Neon Srl&#8221; alla sostituzione degli infissi di un appartamento, [&hellip;]<\/p>\n","protected":false},"author":2,"featured_media":43757,"comment_status":"open","ping_status":"open","sticky":false,"template":"","format":"standard","meta":{"ub_ctt_via":"","_mi_skip_tracking":false},"categories":[5],"tags":[4245,7390,5413,4632],"featured_image_src":"https:\/\/www.messinaoggi.it\/website\/wp-content\/uploads\/2020\/05\/AA1E4CDA-45B7-411A-A6BC-004A7BB9240A.jpeg","author_info":{"display_name":"Redazione","author_link":"https:\/\/www.messinaoggi.it\/website\/author\/redazione\/"},"digistream_id":0,"digistream":false,"_links":{"self":[{"href":"https:\/\/www.messinaoggi.it\/website\/wp-json\/wp\/v2\/posts\/150442"}],"collection":[{"href":"https:\/\/www.messinaoggi.it\/website\/wp-json\/wp\/v2\/posts"}],"about":[{"href":"https:\/\/www.messinaoggi.it\/website\/wp-json\/wp\/v2\/types\/post"}],"author":[{"embeddable":true,"href":"https:\/\/www.messinaoggi.it\/website\/wp-json\/wp\/v2\/users\/2"}],"replies":[{"embeddable":true,"href":"https:\/\/www.messinaoggi.it\/website\/wp-json\/wp\/v2\/comments?post=150442"}],"version-history":[{"count":1,"href":"https:\/\/www.messinaoggi.it\/website\/wp-json\/wp\/v2\/posts\/150442\/revisions"}],"predecessor-version":[{"id":150443,"href":"https:\/\/www.messinaoggi.it\/website\/wp-json\/wp\/v2\/posts\/150442\/revisions\/150443"}],"wp:featuredmedia":[{"embeddable":true,"href":"https:\/\/www.messinaoggi.it\/website\/wp-json\/wp\/v2\/media\/43757"}],"wp:attachment":[{"href":"https:\/\/www.messinaoggi.it\/website\/wp-json\/wp\/v2\/media?parent=150442"}],"wp:term":[{"taxonomy":"category","embeddable":true,"href":"https:\/\/www.messinaoggi.it\/website\/wp-json\/wp\/v2\/categories?post=150442"},{"taxonomy":"post_tag","embeddable":true,"href":"https:\/\/www.messinaoggi.it\/website\/wp-json\/wp\/v2\/tags?post=150442"}],"curies":[{"name":"wp","href":"https:\/\/api.w.org\/{rel}","templated":true}]}}