{"id":150432,"date":"2023-04-10T10:07:57","date_gmt":"2023-04-10T08:07:57","guid":{"rendered":"https:\/\/www.messinaoggi.it\/website\/2023\/04\/10\/mattarella-polizia-di-stato-interpreta-principi-della-costituzione\/"},"modified":"2023-04-10T11:12:30","modified_gmt":"2023-04-10T09:12:30","slug":"mattarella-polizia-di-stato-interpreta-principi-della-costituzione","status":"publish","type":"post","link":"https:\/\/www.messinaoggi.it\/website\/2023\/04\/10\/mattarella-polizia-di-stato-interpreta-principi-della-costituzione\/","title":{"rendered":"Mattarella \u201cPolizia di Stato interpreta principi della Costituzione\u201d"},"content":{"rendered":"<div>ROMA (ITALPRESS) &#8211; &#8220;Celebriamo, quest&#8217;anno, il 75\u00b0 anniversario dall&#8217;entrata in vigore della nostra Costituzione. Mi \u00e8 grato esprimere, a centosettantuno anni dalla fondazione del Corpo, la gratitudine e l&#8217;apprezzamento della Repubblica alle donne e agli uomini della Polizia di Stato impegnati, ogni giorno, a inverarne e a incarnarne i principi&#8221;. Cos\u00ec il presidente della Repubblica, Sergio Mattarella, in un messaggio inviato al prefetto Lamberto Giannini, capo della Polizia &#8211; direttore generale della Pubblica Sicurezza. &#8220;Ogni giorno &#8211; sottolinea il capo dello Stato &#8211; la Polizia di Stato \u00e8 chiamata a presidiare la cornice di legalit\u00e0 e di sicurezza necessaria al compiuto esercizio delle libert\u00e0 personali e collettive. La medaglia d&#8217;oro al Valor Civile, attribuita alla bandiera della Polizia di Stato, ne \u00e8 conferma e testimonianza. Ogni giorno le azioni di contrasto alle mafie colpiscono le pretese di infiltrazione della criminalit\u00e0 organizzata nel tessuto economico, rafforzando le condizioni per lo sviluppo e la libert\u00e0 di impresa. Ogni giorno prosegue l&#8217;impegno nella prevenzione dei rischi eversivo-terroristici, anche in ambiti sempre pi\u00f9 strategici come la sicurezza delle infrastrutture informatiche, nonch\u00e8 nella cooperazione internazionale di polizia, di cui desidero sottolineare l&#8217;importanza nell&#8217;anno del centenario dell&#8217;istituzione dell&#8217;Interpol. Coniugando rigore ed equilibrio &#8211; aggiunge -, ogni giorno gli appartenenti alla Polizia di Stato sono interpreti dei valori costituzionali di solidariet\u00e0 e di coesione sociale, come il contributo offerto in occasione di recenti eventi emergenziali e la complessa attivit\u00e0 nel campo dell&#8217;immigrazione e dei servizi per l&#8217;integrazione degli stranieri. La dedizione al bene comune che caratterizza l&#8217;azione del Corpo, a rischio della vita nell&#8217;adempimento del proprio dovere, rappresenta un patrimonio e un esempio prezioso. Ai caduti e ai feriti, alle loro famiglie, rinnovo la vicinanza dell&#8217;intero Paese. A tutti gli appartenenti alla Polizia di Stato e alle loro famiglie rivolgo, in questa ricorrenza, i pi\u00f9 sentiti auguri&#8221;, conclude Mattarella.<br \/>(ITALPRESS).<br \/>-foto Quirinale-<\/div>\n<div id=\"div-gpt-ad-Messinaoggi.it-DSK-300x250-corpoart\" style=\"text-align:center;margin:0 auto;\"><\/div><\/p><div id=\"videoincontent\" style=\"clear:both\";><\/div>","protected":false},"excerpt":{"rendered":"<p>ROMA (ITALPRESS) &#8211; &#8220;Celebriamo, quest&#8217;anno, il 75\u00b0 anniversario dall&#8217;entrata in vigore della nostra Costituzione. Mi \u00e8 grato esprimere, a centosettantuno anni dalla fondazione del Corpo, la gratitudine e l&#8217;apprezzamento della Repubblica alle donne e agli uomini della Polizia di Stato impegnati, ogni giorno, a inverarne e a incarnarne i principi&#8221;. Cos\u00ec il presidente della Repubblica, [&hellip;]<\/p>\n","protected":false},"author":18,"featured_media":150433,"comment_status":"closed","ping_status":"closed","sticky":false,"template":"","format":"standard","meta":{"ub_ctt_via":"","_mi_skip_tracking":false},"categories":[446,6],"tags":[783],"featured_image_src":"https:\/\/www.messinaoggi.it\/website\/wp-content\/uploads\/2023\/04\/20230410_0164.jpg","author_info":{"display_name":"Admin","author_link":"https:\/\/www.messinaoggi.it\/website\/author\/admin\/"},"digistream_id":0,"digistream":false,"_links":{"self":[{"href":"https:\/\/www.messinaoggi.it\/website\/wp-json\/wp\/v2\/posts\/150432"}],"collection":[{"href":"https:\/\/www.messinaoggi.it\/website\/wp-json\/wp\/v2\/posts"}],"about":[{"href":"https:\/\/www.messinaoggi.it\/website\/wp-json\/wp\/v2\/types\/post"}],"author":[{"embeddable":true,"href":"https:\/\/www.messinaoggi.it\/website\/wp-json\/wp\/v2\/users\/18"}],"replies":[{"embeddable":true,"href":"https:\/\/www.messinaoggi.it\/website\/wp-json\/wp\/v2\/comments?post=150432"}],"version-history":[{"count":1,"href":"https:\/\/www.messinaoggi.it\/website\/wp-json\/wp\/v2\/posts\/150432\/revisions"}],"predecessor-version":[{"id":150439,"href":"https:\/\/www.messinaoggi.it\/website\/wp-json\/wp\/v2\/posts\/150432\/revisions\/150439"}],"wp:featuredmedia":[{"embeddable":true,"href":"https:\/\/www.messinaoggi.it\/website\/wp-json\/wp\/v2\/media\/150433"}],"wp:attachment":[{"href":"https:\/\/www.messinaoggi.it\/website\/wp-json\/wp\/v2\/media?parent=150432"}],"wp:term":[{"taxonomy":"category","embeddable":true,"href":"https:\/\/www.messinaoggi.it\/website\/wp-json\/wp\/v2\/categories?post=150432"},{"taxonomy":"post_tag","embeddable":true,"href":"https:\/\/www.messinaoggi.it\/website\/wp-json\/wp\/v2\/tags?post=150432"}],"curies":[{"name":"wp","href":"https:\/\/api.w.org\/{rel}","templated":true}]}}