{"id":150395,"date":"2023-04-09T08:15:53","date_gmt":"2023-04-09T06:15:53","guid":{"rendered":"http:\/\/www.messinaoggi.it\/website\/?p=150395"},"modified":"2023-04-09T08:18:55","modified_gmt":"2023-04-09T06:18:55","slug":"deposito-del-cimitero-ancora-chiuso-minutoli-ci-scusiamo-ma-stiamo-accelerando-per-assicurare-degne-sepolture","status":"publish","type":"post","link":"https:\/\/www.messinaoggi.it\/website\/2023\/04\/09\/deposito-del-cimitero-ancora-chiuso-minutoli-ci-scusiamo-ma-stiamo-accelerando-per-assicurare-degne-sepolture\/","title":{"rendered":"Deposito cimitero chiuso. Minutoli: &#8220;Stiamo accelerando per assicurare degne sepolture&#8221;"},"content":{"rendered":"\n<p>L\u2019assessore con delega ai Cimiteri, Massimiliano Minutoli, a seguito di una riunione tecnica con il Dirigente del Dipartimento dei Servizi Manutentivi Pietro Certo, in merito ai lavori di sistemazione della copertura del tetto del deposito del Gran Camposanto, rende noto che il locale deposito rimarr\u00e0 chiuso anche per le festivit\u00e0 pasquali. \u201cA causa degli eventi meteorici che si sono registrati non \u00e8 stato possibile procedere al getto della copertura d\u2019isolamento del deposito. Considerato altres\u00ec \u2013 spiega l\u2019assessore Minutoli \u2013 che le previsioni meteo non saranno ottimali nel prosieguo della settimana, per ragioni di tutela della sicurezza e incolumit\u00e0 pubblica, e vista la concomitanza con le festivit\u00e0 pasquali, si \u00e8 reso necessario prorogare la chiusura al pubblico della camera mortuaria. Ci rendiamo partecipi del disagio subito dai parenti dei defunti e stiamo accelerando al massimo le procedure per assicurare una degna sepoltura nel pi\u00f9 breve tempo possibile\u201d.<div id=\"div-gpt-ad-Messinaoggi.it-DSK-300x250-corpoart\" style=\"text-align:center;margin:0 auto;\"><\/div><\/p>\n<div id=\"videoincontent\" style=\"clear:both\";><\/div>","protected":false},"excerpt":{"rendered":"<p>L\u2019assessore con delega ai Cimiteri, Massimiliano Minutoli, a seguito di una riunione tecnica con il Dirigente del Dipartimento dei Servizi Manutentivi Pietro Certo, in merito ai lavori di sistemazione della copertura del tetto del deposito del Gran Camposanto, rende noto che il locale deposito rimarr\u00e0 chiuso anche per le festivit\u00e0 pasquali. \u201cA causa degli eventi [&hellip;]<\/p>\n","protected":false},"author":4,"featured_media":33592,"comment_status":"open","ping_status":"open","sticky":false,"template":"","format":"standard","meta":{"ub_ctt_via":"","_mi_skip_tracking":false},"categories":[5],"tags":[829,2135],"featured_image_src":"https:\/\/www.messinaoggi.it\/website\/wp-content\/uploads\/2019\/06\/3E1979F0-D8BF-434C-83AA-53AAE64BEFD4.jpeg","author_info":{"display_name":"redme","author_link":"https:\/\/www.messinaoggi.it\/website\/author\/redme\/"},"digistream_id":0,"digistream":false,"_links":{"self":[{"href":"https:\/\/www.messinaoggi.it\/website\/wp-json\/wp\/v2\/posts\/150395"}],"collection":[{"href":"https:\/\/www.messinaoggi.it\/website\/wp-json\/wp\/v2\/posts"}],"about":[{"href":"https:\/\/www.messinaoggi.it\/website\/wp-json\/wp\/v2\/types\/post"}],"author":[{"embeddable":true,"href":"https:\/\/www.messinaoggi.it\/website\/wp-json\/wp\/v2\/users\/4"}],"replies":[{"embeddable":true,"href":"https:\/\/www.messinaoggi.it\/website\/wp-json\/wp\/v2\/comments?post=150395"}],"version-history":[{"count":4,"href":"https:\/\/www.messinaoggi.it\/website\/wp-json\/wp\/v2\/posts\/150395\/revisions"}],"predecessor-version":[{"id":150399,"href":"https:\/\/www.messinaoggi.it\/website\/wp-json\/wp\/v2\/posts\/150395\/revisions\/150399"}],"wp:featuredmedia":[{"embeddable":true,"href":"https:\/\/www.messinaoggi.it\/website\/wp-json\/wp\/v2\/media\/33592"}],"wp:attachment":[{"href":"https:\/\/www.messinaoggi.it\/website\/wp-json\/wp\/v2\/media?parent=150395"}],"wp:term":[{"taxonomy":"category","embeddable":true,"href":"https:\/\/www.messinaoggi.it\/website\/wp-json\/wp\/v2\/categories?post=150395"},{"taxonomy":"post_tag","embeddable":true,"href":"https:\/\/www.messinaoggi.it\/website\/wp-json\/wp\/v2\/tags?post=150395"}],"curies":[{"name":"wp","href":"https:\/\/api.w.org\/{rel}","templated":true}]}}