{"id":15025,"date":"2018-01-31T16:04:38","date_gmt":"2018-01-31T15:04:38","guid":{"rendered":"http:\/\/www.messinaoggi.it\/website\/?p=15025"},"modified":"2018-01-31T16:04:38","modified_gmt":"2018-01-31T15:04:38","slug":"via-don-blasco-il-muro-contro-muro-e-dietro-langolo","status":"publish","type":"post","link":"https:\/\/www.messinaoggi.it\/website\/2018\/01\/31\/via-don-blasco-il-muro-contro-muro-e-dietro-langolo\/","title":{"rendered":"Via Don Blasco, il muro contro muro \u00e8 dietro l&#039;angolo"},"content":{"rendered":"<p>Adesso il rischio di un muro contro muro tra Palazzo Zanca e Regione per la via Don Blasco \u00e8 davvero concreto. \u00a0Il Comune risponder\u00e0 alle criticit\u00e0 sollevate dal Genio Civile sul progetto esecutivo, ma dopo l\u2019ultimo incontro \u00a0tra l\u2019amministrazione comunale ed il consorzio Medil di Benevento \u00e8 apparsa sempre pi\u00f9 chiara la volont\u00e0 di far partire i lavori entro pochi giorni. Ma all\u2019orizzonte ci potrebbero essere nuove nubi e grane burocratiche sull\u2019opera che la citt\u00e0 aspetta da tempo, soprattutto per \u00a0smaltire il traffico pesante dalle strade centrali. Dubbi che riguarderebbero la titolarit\u00e0 delle aree in cui dovrebbe sorgere il cantiere.<br \/>\nQuesta mattina c\u2019\u00e8 stato il sopralluogo del dottor Aldo Guadagnino del Demanio Marittimo regionale, da alcuni documenti come il piano spiagge regionale emergerebbero dei dubbi sulla titolarit\u00e0 delle aree. In altre parole, alcune zone su cui dovrebbe sorgere il cantiere non sarebbero di propriet\u00e0 del Comune ma del Demanio Marittimo. Questo obbligherebbe Palazzo Zanca a chiedere ulteriori autorizzazioni, prima che i cantieri vengano aperti.<br \/>\nE\u2019 per\u00f2 del tutto evidente che queste autorizzazioni non potranno essere rilasciate nel giro di pochi giorni, cos\u00ec il cronoprogramma stilato con la stessa ditta potrebbe subire brusche variazioni. L\u2019assessore ai Lavori Pubblici, Sergio De Cola, per\u00f2 mostra sicurezza, secondo le sue carte ad alta precisione, i lavori non toccherebbero aree demaniali.<div id=\"div-gpt-ad-Messinaoggi.it-DSK-300x250-corpoart\" style=\"text-align:center;margin:0 auto;\"><\/div><\/p>\n<div id=\"videoincontent\" style=\"clear:both\";><\/div>","protected":false},"excerpt":{"rendered":"<p>Adesso il rischio di un muro contro muro tra Palazzo Zanca e Regione per la via Don Blasco \u00e8 davvero concreto. \u00a0Il Comune risponder\u00e0 alle criticit\u00e0 sollevate dal Genio Civile sul progetto esecutivo, ma dopo l\u2019ultimo incontro \u00a0tra l\u2019amministrazione comunale ed il consorzio Medil di Benevento \u00e8 apparsa sempre pi\u00f9 chiara la volont\u00e0 di far [&hellip;]<\/p>\n","protected":false},"author":1,"featured_media":10512,"comment_status":"closed","ping_status":"open","sticky":false,"template":"","format":"standard","meta":{"ub_ctt_via":"","_mi_skip_tracking":false},"categories":[6],"tags":[],"featured_image_src":"https:\/\/www.messinaoggi.it\/website\/wp-content\/uploads\/2017\/10\/firma-lavori-via-don-blasco-RRP_2232.jpg","author_info":{"display_name":"admin@admin.com","author_link":"https:\/\/www.messinaoggi.it\/website\/author\/adminadmin-com\/"},"digistream_id":0,"digistream":false,"_links":{"self":[{"href":"https:\/\/www.messinaoggi.it\/website\/wp-json\/wp\/v2\/posts\/15025"}],"collection":[{"href":"https:\/\/www.messinaoggi.it\/website\/wp-json\/wp\/v2\/posts"}],"about":[{"href":"https:\/\/www.messinaoggi.it\/website\/wp-json\/wp\/v2\/types\/post"}],"author":[{"embeddable":true,"href":"https:\/\/www.messinaoggi.it\/website\/wp-json\/wp\/v2\/users\/1"}],"replies":[{"embeddable":true,"href":"https:\/\/www.messinaoggi.it\/website\/wp-json\/wp\/v2\/comments?post=15025"}],"version-history":[{"count":0,"href":"https:\/\/www.messinaoggi.it\/website\/wp-json\/wp\/v2\/posts\/15025\/revisions"}],"wp:featuredmedia":[{"embeddable":true,"href":"https:\/\/www.messinaoggi.it\/website\/wp-json\/wp\/v2\/media\/10512"}],"wp:attachment":[{"href":"https:\/\/www.messinaoggi.it\/website\/wp-json\/wp\/v2\/media?parent=15025"}],"wp:term":[{"taxonomy":"category","embeddable":true,"href":"https:\/\/www.messinaoggi.it\/website\/wp-json\/wp\/v2\/categories?post=15025"},{"taxonomy":"post_tag","embeddable":true,"href":"https:\/\/www.messinaoggi.it\/website\/wp-json\/wp\/v2\/tags?post=15025"}],"curies":[{"name":"wp","href":"https:\/\/api.w.org\/{rel}","templated":true}]}}