{"id":15022,"date":"2018-01-31T12:34:03","date_gmt":"2018-01-31T11:34:03","guid":{"rendered":"http:\/\/www.messinaoggi.it\/website\/?p=15022"},"modified":"2018-01-31T12:34:03","modified_gmt":"2018-01-31T11:34:03","slug":"degrado-a-fondo-de-pasquale-la-v-bisogna-ridare-lustro-allintera-zona","status":"publish","type":"post","link":"https:\/\/www.messinaoggi.it\/website\/2018\/01\/31\/degrado-a-fondo-de-pasquale-la-v-bisogna-ridare-lustro-allintera-zona\/","title":{"rendered":"Degrado a Fondo De Pasquale, la V: &#039;Bisogna ridare lustro all&#039;intera zona&#039;"},"content":{"rendered":"<p lang=\"it-IT\"><span style=\"font-family: Arial, sans-serif\">&#8220;Ancora oggi vige l&#8217;assoluto abbandono e totale assenza di igiene, presenza di topi, serpenti, fogna a cielo aperto e da tre mesi dimora persino una gallina&#8221;. Cos\u00ec i consiglieri della V Circoscrizione &#8211; Giovanni Bucalo, Franco Laimo (vicepresidente), Marcello Cannistraci, Giuseppe Cut\u00e9, Francesco Mucciardi e Maurizo Di Gregorio &#8211; denunciano la situazione di degrado in cui versa Fondo De Pasquale, luogo situato nel cuore di Giostra dove sorgevano decine di baracche, poi evacuate e demolite. Una situazione disastrosa al punto tale da impedire in un primo momento ai tecnici Amam di riparare le nuove fuoriuscite di liquami segnalate dai consiglieri a causa della folta vegetazione.<\/span><div id=\"div-gpt-ad-Messinaoggi.it-DSK-300x250-corpoart\" style=\"text-align:center;margin:0 auto;\"><\/div><\/p>\n<p lang=\"it-IT\">\u201c<span style=\"font-family: Arial, sans-serif\">Da stamani per\u00f2 \u2013 proseguono i consiglieri &#8211; la Protezione Civile \u00e8 sul luogo e le ruspe stanno effettuando un attesissimo intervento di bonifica, affinch\u00e9 l&#8217;Amam possa intervenire per riparare il guasto fognario. Tutto ci\u00f2 per\u00f2 non pu\u00f2 bastare, in un luogo ove occorre ricostruire, ridando lustro all&#8217;intera zona: ricordiamo che fino alla scorsa legislatura dovevano sorgere nuove palazzine IACP mediante un impegno di spesa IACP con la Regione Sicilia; poi per\u00f2 l&#8217;amministrazione Accorinti scelse la via del &#8220;Parco Urbano&#8221;, preferendo acquistare alloggi esistenti invece di costruirli:\u00a0oggi\u00a0per\u00f2 n\u00e9 l&#8217;una n\u00e9 l&#8217;altra strada sono state intraprese\u201d.<\/span><div id=\"videoincontent\" style=\"clear:both\";><\/div><\/p>\n","protected":false},"excerpt":{"rendered":"<p>&#8220;Ancora oggi vige l&#8217;assoluto abbandono e totale assenza di igiene, presenza di topi, serpenti, fogna a cielo aperto e da tre mesi dimora persino una gallina&#8221;. Cos\u00ec i consiglieri della V Circoscrizione &#8211; Giovanni Bucalo, Franco Laimo (vicepresidente), Marcello Cannistraci, Giuseppe Cut\u00e9, Francesco Mucciardi e Maurizo Di Gregorio &#8211; denunciano la situazione di degrado in [&hellip;]<\/p>\n","protected":false},"author":8,"featured_media":15023,"comment_status":"closed","ping_status":"open","sticky":false,"template":"","format":"standard","meta":{"ub_ctt_via":"","_mi_skip_tracking":false},"categories":[4],"tags":[],"featured_image_src":"https:\/\/www.messinaoggi.it\/website\/wp-content\/uploads\/2018\/01\/fondo-de-pasquale-2-1.jpg","author_info":{"display_name":"red..me","author_link":"https:\/\/www.messinaoggi.it\/website\/author\/redstage\/"},"digistream_id":0,"digistream":false,"_links":{"self":[{"href":"https:\/\/www.messinaoggi.it\/website\/wp-json\/wp\/v2\/posts\/15022"}],"collection":[{"href":"https:\/\/www.messinaoggi.it\/website\/wp-json\/wp\/v2\/posts"}],"about":[{"href":"https:\/\/www.messinaoggi.it\/website\/wp-json\/wp\/v2\/types\/post"}],"author":[{"embeddable":true,"href":"https:\/\/www.messinaoggi.it\/website\/wp-json\/wp\/v2\/users\/8"}],"replies":[{"embeddable":true,"href":"https:\/\/www.messinaoggi.it\/website\/wp-json\/wp\/v2\/comments?post=15022"}],"version-history":[{"count":0,"href":"https:\/\/www.messinaoggi.it\/website\/wp-json\/wp\/v2\/posts\/15022\/revisions"}],"wp:featuredmedia":[{"embeddable":true,"href":"https:\/\/www.messinaoggi.it\/website\/wp-json\/wp\/v2\/media\/15023"}],"wp:attachment":[{"href":"https:\/\/www.messinaoggi.it\/website\/wp-json\/wp\/v2\/media?parent=15022"}],"wp:term":[{"taxonomy":"category","embeddable":true,"href":"https:\/\/www.messinaoggi.it\/website\/wp-json\/wp\/v2\/categories?post=15022"},{"taxonomy":"post_tag","embeddable":true,"href":"https:\/\/www.messinaoggi.it\/website\/wp-json\/wp\/v2\/tags?post=15022"}],"curies":[{"name":"wp","href":"https:\/\/api.w.org\/{rel}","templated":true}]}}