{"id":150216,"date":"2023-04-08T00:24:14","date_gmt":"2023-04-07T22:24:14","guid":{"rendered":"http:\/\/www.messinaoggi.it\/website\/?p=150216"},"modified":"2023-04-08T10:11:32","modified_gmt":"2023-04-08T08:11:32","slug":"galleria-letojanni-a18-lombardo-qualcosa-si-muove","status":"publish","type":"post","link":"https:\/\/www.messinaoggi.it\/website\/2023\/04\/08\/galleria-letojanni-a18-lombardo-qualcosa-si-muove\/","title":{"rendered":"Galleria Letojanni A18, Lombardo: &#8220;qualcosa si muove&#8221;"},"content":{"rendered":"\n<p>\u201cFinalmente sembra che qualcosa sia destinato a muoversi per il cantiere sull\u2019autostrada A18 in riferimento in particolare alla galleria di Letojanni.\u201d<div id=\"div-gpt-ad-Messinaoggi.it-DSK-300x250-corpoart\" style=\"text-align:center;margin:0 auto;\"><\/div><\/p>\n\n\n\n<p>Ad affermarlo il deputato di Sicilia Vera <strong>Giuseppe Lombardo<\/strong> che stamattina ha effettuato un sopralluogo sul cantiere.<div id=\"videoincontent\" style=\"clear:both\";><\/div><\/p>\n\n\n\n<p>\u201cDopo la seduta della IV commissione presso il CAS, su mia richiesta, tenutasi il 24 febbraio scorso alla presenza dell\u2019Assessore Aric\u00f2, dei vertici del CAS e del Soggetto Attuatore per gli interventi di mitigazione del Rischio idrogeologico nella regione Sicilia, Maurizio Croce, oggi finalmente\u00a0 sembra intravedersi la luce in fondo alla \u201cGalleria Letojanni\u201d. \u00a0Stamattina, infatti, a conferma d\u00ec quanto si \u00e8 detto in quell\u2019occasione, il soggetto attuatore Maurizio Croce, unico soggetto adesso responsabile dell\u2019intervento, durante il sopralluogo congiunto da me richiesto, alla presenza anche del titolare della ditta esecutrice dei lavori, ha rassicurato che entro l\u2019estate la galleria sar\u00e0 riaperta per provare a cancellare 8 anni di ritardi. Da forza di opposizione al governo, afferma Lombardo, possiamo solo incalzare chi ha responsabilit\u00e0 di governo a fare il proprio lavoro. Questo, conclude Lombardo, far\u00f2 fino in fondo affinch\u00e9 ognuno porti avanti il proprio mandato.\u201d<\/p>\n","protected":false},"excerpt":{"rendered":"<p>\u201cFinalmente sembra che qualcosa sia destinato a muoversi per il cantiere sull\u2019autostrada A18 in riferimento in particolare alla galleria di Letojanni.\u201d Ad affermarlo il deputato di Sicilia Vera Giuseppe Lombardo che stamattina ha effettuato un sopralluogo sul cantiere. \u201cDopo la seduta della IV commissione presso il CAS, su mia richiesta, tenutasi il 24 febbraio scorso [&hellip;]<\/p>\n","protected":false},"author":15,"featured_media":150217,"comment_status":"open","ping_status":"open","sticky":false,"template":"","format":"standard","meta":{"ub_ctt_via":"","_mi_skip_tracking":false},"categories":[11],"tags":[575,7373,576,1554,3124],"featured_image_src":"https:\/\/www.messinaoggi.it\/website\/wp-content\/uploads\/2023\/04\/Lombardo-e-Croce-letojanni.jpeg","author_info":{"display_name":"red.me","author_link":"https:\/\/www.messinaoggi.it\/website\/author\/red-me\/"},"digistream_id":0,"digistream":false,"_links":{"self":[{"href":"https:\/\/www.messinaoggi.it\/website\/wp-json\/wp\/v2\/posts\/150216"}],"collection":[{"href":"https:\/\/www.messinaoggi.it\/website\/wp-json\/wp\/v2\/posts"}],"about":[{"href":"https:\/\/www.messinaoggi.it\/website\/wp-json\/wp\/v2\/types\/post"}],"author":[{"embeddable":true,"href":"https:\/\/www.messinaoggi.it\/website\/wp-json\/wp\/v2\/users\/15"}],"replies":[{"embeddable":true,"href":"https:\/\/www.messinaoggi.it\/website\/wp-json\/wp\/v2\/comments?post=150216"}],"version-history":[{"count":1,"href":"https:\/\/www.messinaoggi.it\/website\/wp-json\/wp\/v2\/posts\/150216\/revisions"}],"predecessor-version":[{"id":150218,"href":"https:\/\/www.messinaoggi.it\/website\/wp-json\/wp\/v2\/posts\/150216\/revisions\/150218"}],"wp:featuredmedia":[{"embeddable":true,"href":"https:\/\/www.messinaoggi.it\/website\/wp-json\/wp\/v2\/media\/150217"}],"wp:attachment":[{"href":"https:\/\/www.messinaoggi.it\/website\/wp-json\/wp\/v2\/media?parent=150216"}],"wp:term":[{"taxonomy":"category","embeddable":true,"href":"https:\/\/www.messinaoggi.it\/website\/wp-json\/wp\/v2\/categories?post=150216"},{"taxonomy":"post_tag","embeddable":true,"href":"https:\/\/www.messinaoggi.it\/website\/wp-json\/wp\/v2\/tags?post=150216"}],"curies":[{"name":"wp","href":"https:\/\/api.w.org\/{rel}","templated":true}]}}