{"id":15020,"date":"2018-01-31T12:16:43","date_gmt":"2018-01-31T11:16:43","guid":{"rendered":"http:\/\/www.messinaoggi.it\/website\/?p=15020"},"modified":"2018-01-31T12:16:43","modified_gmt":"2018-01-31T11:16:43","slug":"assostampa-replica-a-navarra-la-liberta-di-stampa-e-uguale-per-tutti","status":"publish","type":"post","link":"https:\/\/www.messinaoggi.it\/website\/2018\/01\/31\/assostampa-replica-a-navarra-la-liberta-di-stampa-e-uguale-per-tutti\/","title":{"rendered":"Assostampa replica a Navarra: &quot;La libert\u00e0 di stampa \u00e8 uguale per tutti&quot;"},"content":{"rendered":"<p>La sezione di Messina dell\u2019Associazione siciliana della Stampa condivide le perplessit\u00e0 espresse dall\u2019Ordine dei Giornalisti di Sicilia in merito alle \u201cpuntualizzazioni\u201d contenute nel comunicato del prof. Pietro Navarra, che minaccia di querelare, ed \u00e8 una sua libera facolt\u00e0, non solo chi rilascer\u00e0 dichiarazioni nei suoi confronti con riferimento alla vicenda che vide coinvolto un suo zio, ma anche delle testate giornalistiche che daranno spazio alle stesse.<br \/>\n&#8220;Bene ha fatto l\u2019Ordine dei Giornalisti di Sicilia &#8211; si legge in un comunicato a firma di Giuseppe Gulletta &#8211; a sottolineare che nel rispetto rigoroso della deontologia professionale, di cui lo stesso Ordine \u00e8 garante con i propri organismi, ogni notizia ritenuta tale vada pubblicata.<br \/>\nDa parte nostra ricordiamo al professor Navarra che la libert\u00e0 di stampa \u00e8 sacra e inviolabile ed \u00e8 uguale per tutti. Non la si pu\u00f2 invocare a giorni alterni: richiamandola quando riguarda gli altri e ignorarla, minacciando addirittura querele, quando riguarda vicende personali. Quando un personaggio pubblico fa delle dichiarazioni ufficiali il giornalista ha il dovere di pubblicarle.<br \/>\nInvitiamo anche il professor Navarra a riguardarsi la puntata di un talk show andato in onda nel pomeriggio del 29 gennaio su una nota emittente nazionale, laddove lo stesso personaggio ha ripetuto le medesime dichiarazioni&#8221;.<div id=\"div-gpt-ad-Messinaoggi.it-DSK-300x250-corpoart\" style=\"text-align:center;margin:0 auto;\"><\/div><\/p>\n<div id=\"videoincontent\" style=\"clear:both\";><\/div>","protected":false},"excerpt":{"rendered":"<p>La sezione di Messina dell\u2019Associazione siciliana della Stampa condivide le perplessit\u00e0 espresse dall\u2019Ordine dei Giornalisti di Sicilia in merito alle \u201cpuntualizzazioni\u201d contenute nel comunicato del prof. Pietro Navarra, che minaccia di querelare, ed \u00e8 una sua libera facolt\u00e0, non solo chi rilascer\u00e0 dichiarazioni nei suoi confronti con riferimento alla vicenda che vide coinvolto un suo [&hellip;]<\/p>\n","protected":false},"author":2,"featured_media":3296,"comment_status":"closed","ping_status":"open","sticky":false,"template":"","format":"standard","meta":{"ub_ctt_via":"","_mi_skip_tracking":false},"categories":[6],"tags":[],"featured_image_src":"https:\/\/www.messinaoggi.it\/website\/wp-content\/uploads\/2017\/06\/navarra-pietro-1-2.jpg","author_info":{"display_name":"Redazione","author_link":"https:\/\/www.messinaoggi.it\/website\/author\/redazione\/"},"digistream_id":0,"digistream":false,"_links":{"self":[{"href":"https:\/\/www.messinaoggi.it\/website\/wp-json\/wp\/v2\/posts\/15020"}],"collection":[{"href":"https:\/\/www.messinaoggi.it\/website\/wp-json\/wp\/v2\/posts"}],"about":[{"href":"https:\/\/www.messinaoggi.it\/website\/wp-json\/wp\/v2\/types\/post"}],"author":[{"embeddable":true,"href":"https:\/\/www.messinaoggi.it\/website\/wp-json\/wp\/v2\/users\/2"}],"replies":[{"embeddable":true,"href":"https:\/\/www.messinaoggi.it\/website\/wp-json\/wp\/v2\/comments?post=15020"}],"version-history":[{"count":0,"href":"https:\/\/www.messinaoggi.it\/website\/wp-json\/wp\/v2\/posts\/15020\/revisions"}],"wp:featuredmedia":[{"embeddable":true,"href":"https:\/\/www.messinaoggi.it\/website\/wp-json\/wp\/v2\/media\/3296"}],"wp:attachment":[{"href":"https:\/\/www.messinaoggi.it\/website\/wp-json\/wp\/v2\/media?parent=15020"}],"wp:term":[{"taxonomy":"category","embeddable":true,"href":"https:\/\/www.messinaoggi.it\/website\/wp-json\/wp\/v2\/categories?post=15020"},{"taxonomy":"post_tag","embeddable":true,"href":"https:\/\/www.messinaoggi.it\/website\/wp-json\/wp\/v2\/tags?post=15020"}],"curies":[{"name":"wp","href":"https:\/\/api.w.org\/{rel}","templated":true}]}}