{"id":150184,"date":"2023-04-07T17:47:49","date_gmt":"2023-04-07T15:47:49","guid":{"rendered":"http:\/\/www.messinaoggi.it\/website\/?p=150184"},"modified":"2023-04-08T12:00:43","modified_gmt":"2023-04-08T10:00:43","slug":"il-ritorno-sulla-scena-di-accorinti-carica-i-no-ponte","status":"publish","type":"post","link":"https:\/\/www.messinaoggi.it\/website\/2023\/04\/07\/il-ritorno-sulla-scena-di-accorinti-carica-i-no-ponte\/","title":{"rendered":"Il ritorno sulla scena di Accorinti carica i No Ponte"},"content":{"rendered":"\n<p>\u00c8 il ritorno sulla scena di <strong>Renato Accorinti.<\/strong> Come se non si fosse mai fermato. Eppure, un lungo silenzio aveva seguito la sconfitta elettorale del 2018. Probabilmente l\u2019eterno leader del Movimento No Ponte aveva incassato il colpo. Ma i lottatori pi\u00f9 forti si rialzano e tornano a colpire. Ed oggi Accorinti era a Torre Faro con il portavoce dei Verdi <strong><a href=\"https:\/\/www.messinaoggi.it\/website\/2023\/04\/07\/no-ponte-bonelli-a-torre-faro-con-gli-abitanti\/?fbclid=IwAR0xfd4tJiBTzE8fs6t12Mt-Sqjx0fTTY6XIF7BdqGIji4E6cXfzADOAUpg\" data-type=\"URL\" data-id=\"https:\/\/www.messinaoggi.it\/website\/2023\/04\/07\/no-ponte-bonelli-a-torre-faro-con-gli-abitanti\/?fbclid=IwAR0xfd4tJiBTzE8fs6t12Mt-Sqjx0fTTY6XIF7BdqGIji4E6cXfzADOAUpg\">Angelo Bonelli<\/a><\/strong> e con il referente siciliano di Europa Verde <strong>Mauro Mangano<\/strong> a trascinare gli animi dei No Ponte, come ha sempre fatto. Si \u00e8 preso la scena, anche pi\u00f9 del raffinato e pi\u00f9 tranquillo deputato di Alleanza Verdi Sinistra. Quando inizia a parlare si sa, non si ferma pi\u00f9, diventa un fiume in piena. <a href=\"https:\/\/www.facebook.com\/messinaoggi\/videos\/1716131992237467\/\" data-type=\"URL\" data-id=\"https:\/\/www.facebook.com\/messinaoggi\/videos\/1716131992237467\/\"><strong>Ci ha anche concesso un\u2019intervista, sullo sfondo dello Stretto.<\/strong><\/a><div id=\"div-gpt-ad-Messinaoggi.it-DSK-300x250-corpoart\" style=\"text-align:center;margin:0 auto;\"><\/div><\/p>\n\n\n\n<h2><strong>Il ritorno sulla scena di Accorinti<\/strong> <strong>e la magia dello Stretto.<\/strong><\/h2>\n\n\n\n<figure class=\"wp-block-image size-large\"><img loading=\"lazy\" width=\"1024\" height=\"576\" src=\"http:\/\/www.messinaoggi.it\/website\/wp-content\/uploads\/2023\/04\/Accorinti-Bonelli-Ponte-5-1024x576.jpeg\" alt=\"\" class=\"wp-image-150170\" srcset=\"https:\/\/www.messinaoggi.it\/website\/wp-content\/uploads\/2023\/04\/Accorinti-Bonelli-Ponte-5-1024x576.jpeg 1024w, https:\/\/www.messinaoggi.it\/website\/wp-content\/uploads\/2023\/04\/Accorinti-Bonelli-Ponte-5-300x169.jpeg 300w, https:\/\/www.messinaoggi.it\/website\/wp-content\/uploads\/2023\/04\/Accorinti-Bonelli-Ponte-5-768x432.jpeg 768w, https:\/\/www.messinaoggi.it\/website\/wp-content\/uploads\/2023\/04\/Accorinti-Bonelli-Ponte-5-1536x864.jpeg 1536w, https:\/\/www.messinaoggi.it\/website\/wp-content\/uploads\/2023\/04\/Accorinti-Bonelli-Ponte-5.jpeg 1920w\" sizes=\"(max-width: 1024px) 100vw, 1024px\" \/><\/figure>\n\n\n\n<p>Un panorama, che secondo l\u2019Ex Sindaco di Messina, rischia di essere deturpato dal Ponte:<div id=\"videoincontent\" style=\"clear:both\";><\/div><\/p>\n\n\n\n<p>\u201cE\u2019 talmente evidente anche a un bambino che tra le due torri principali e centinaia di altre torri e pilastri e travi che non finiscono, ci sar\u00e0 una devastazione. Quelli principali sono chiaramente molto devastanti. Il complesso sparirebbe e tutte queste persone che hanno le ville qua se ne potranno andare perch\u00e9 qui dovrebbero sorgere, secondo questi progetti, le due torri principali. L&#8217;Europa si \u00e8 gi\u00e0 pronunciata contro questo tipo di infrastruttura perch\u00e9 questa \u00e8 una zona gi\u00e0 protetta. Ci ritentano, ci hanno messo altri 340 milioni, ne hanno spesi altri centinaia prima. Sono soldi pubblici questi, non sono soldi di privati. Perch\u00e9 non facciamo le cose utili? Perch\u00e9 non mettono delle navi ecologiche? Quattro navi in pi\u00f9 in modo da avere un trasporto marittimo veramente efficiente. Lo abbiamo chiesto da sempre ai ministri dei trasporti, non lo hanno mai fatto. Un&#8217;opera che \u00e8 un\u2019infinita colossale ed anche fosse finita non servirebbe a nulla, perch\u00e9 il resto \u00e8 il deserto. Abbiamo un binario unico in quasi tutta la Sicilia. Il 30% \u00e8 a gasolio. ma ci rendiamo conto? I tempi di percorrenza sono una cosa vergognosa. Da Roma in su anzi, da Salerno in su c&#8217;\u00e8 l\u2019alta velocit\u00e0. Con quella arrivi in tempi normali\u201d.<\/p>\n\n\n\n<p>E ha aggiunto:<\/p>\n\n\n\n<p>\u201cNel Mediterraneo ci sono tre stretti. Questo \u00e8 un luogo magico, il luogo della mitologia, della bellezza. Bonelli mi ha chiesto <em>\u2018Dimmi un luogo simbolo dove fare la conferenza\u2019<\/em>. Gli ho detto veniamo qui perch\u00e9 poi le immagini tramite Angelo, che \u00e8 segretario nazionale dei Verdi, faranno il giro del Paese. Bisogna far vedere qual \u00e8 il posto dove si vuole far passare un&#8217;opera devastante, inutile e costosissima. Un pozzo senza fine\u201d.<\/p>\n\n\n\n<h2>Il ritorno sulla scena di Accorinti. <strong>La flotta comunale e gli altri obiettivi da Sindaco.<\/strong><\/h2>\n\n\n\n<figure class=\"wp-block-image size-large\"><img loading=\"lazy\" width=\"1024\" height=\"576\" src=\"http:\/\/www.messinaoggi.it\/website\/wp-content\/uploads\/2023\/04\/Accorinti-Bonelli-Ponte-9-1024x576.jpeg\" alt=\"\" class=\"wp-image-150166\" srcset=\"https:\/\/www.messinaoggi.it\/website\/wp-content\/uploads\/2023\/04\/Accorinti-Bonelli-Ponte-9-1024x576.jpeg 1024w, https:\/\/www.messinaoggi.it\/website\/wp-content\/uploads\/2023\/04\/Accorinti-Bonelli-Ponte-9-300x169.jpeg 300w, https:\/\/www.messinaoggi.it\/website\/wp-content\/uploads\/2023\/04\/Accorinti-Bonelli-Ponte-9-768x432.jpeg 768w, https:\/\/www.messinaoggi.it\/website\/wp-content\/uploads\/2023\/04\/Accorinti-Bonelli-Ponte-9-1536x864.jpeg 1536w, https:\/\/www.messinaoggi.it\/website\/wp-content\/uploads\/2023\/04\/Accorinti-Bonelli-Ponte-9.jpeg 1920w\" sizes=\"(max-width: 1024px) 100vw, 1024px\" \/><\/figure>\n\n\n\n<p>Nel Programma dell\u2019Amministrazione Accorinti c\u2019era la \u201cflotta comunale\u201d in alternativa al Ponte. Accorinti spiega perch\u00e9 non fu raggiunto quell\u2019obiettivo e ricorda diversi punti del programma di allora, tra iniziati e raggiunti:<\/p>\n\n\n\n<p>\u201cUna questione era quella dei tempi. Un\u2019altra quella della mancanza di fondi. E i debiti che avevamo erano giganteschi. L&#8217;avremmo fatta se avessimo continuato. Abbiamo fatto milioni di cose comunque. Progetti come la via don Blasco, Il Porto di Tremestieri\u2026 Abbiamo fatto fare l&#8217;appalto per 72 milioni. Tantissime sono le opere che abbiamo rimesso in funzione. Messinambiente era devastata e siamo ripartiti con Messinaservizi. Abbiamo cominciato la raccolta differenziata. Ma inutile fare l&#8217;elenco delle cose che abbiamo fatto. Ci\u00f2 che conta \u00e8 che l&#8217;abbiamo fatta senza fare un imbroglio. Non ho fatto un atto clientelare in 5 anni e questo fa la differenza. Con quello che c&#8217;\u00e8 stato in questa citt\u00e0, dove il clientelismo era la normalit\u00e0, con noi neanche un atto clientelare\u2026\u201d.<\/p>\n\n\n\n<h2><strong>Lo Stretto come Patrimonio dell&#8217;Umanit\u00e0.<\/strong><\/h2>\n\n\n\n<figure class=\"wp-block-image size-large\"><img loading=\"lazy\" width=\"1024\" height=\"576\" src=\"http:\/\/www.messinaoggi.it\/website\/wp-content\/uploads\/2023\/04\/Accorinti-Bonelli-Ponte-2-1024x576.jpeg\" alt=\"No Ponte: Bonelli a Torre Faro\" class=\"wp-image-150173\" srcset=\"https:\/\/www.messinaoggi.it\/website\/wp-content\/uploads\/2023\/04\/Accorinti-Bonelli-Ponte-2-1024x576.jpeg 1024w, https:\/\/www.messinaoggi.it\/website\/wp-content\/uploads\/2023\/04\/Accorinti-Bonelli-Ponte-2-300x169.jpeg 300w, https:\/\/www.messinaoggi.it\/website\/wp-content\/uploads\/2023\/04\/Accorinti-Bonelli-Ponte-2-768x432.jpeg 768w, https:\/\/www.messinaoggi.it\/website\/wp-content\/uploads\/2023\/04\/Accorinti-Bonelli-Ponte-2-1536x864.jpeg 1536w, https:\/\/www.messinaoggi.it\/website\/wp-content\/uploads\/2023\/04\/Accorinti-Bonelli-Ponte-2.jpeg 1920w\" sizes=\"(max-width: 1024px) 100vw, 1024px\" \/><\/figure>\n\n\n\n<p>E un obiettivo era quello di fare dello Stretto di Messina un Patrimonio dell\u2019Umanit\u00e0 riconosciuto dall\u2019Unesco, proposito non del tutto abbandonato per\u00f2:<\/p>\n\n\n\n<p>\u201cAnche l\u00ec purtroppo non siamo riusciti. Avevamo istituito per\u00f2 una commissione con dei professori universitari e anche ricercatori esperti sui vari settori\u2026 \u00c8 complesso lo Stretto di Messina. Ci sono unicit\u00e0 a mai finire. Ci vogliono biologi marini, ma abbiamo messo insieme una bella equipe. Doveva continuare, ora l&#8217;ho chiesto a Bonelli!\u201d<\/p>\n\n\n\n<h2><strong>Disagi e priorit\u00e0&#8230;<\/strong><\/h2>\n\n\n\n<p>Ci saranno per lui problemi ovunque a Messina, per via dei cantieri:<\/p>\n\n\n\n<p>\u201cIl progetto parte da qua, ci sono gallerie, ferrovie\u2026 Non ci stanno neanche 100 anni, per\u00f2 devastano uno dei luoghi pi\u00f9 sacri e pi\u00f9 belli del mondo\u201d.<\/p>\n\n\n\n<p>Ed oltre ai trasporti, ci sono altre priorit\u00e0 per Messina, al posto del Ponte, per Accorinti:<\/p>\n\n\n\n<p>\u201cMa perch\u00e9 non fanno le cose utili? Berlusconi aveva detto che nella primavera nel 2002 dopo il Ponte si sarebbe fatto tutto il resto. \u00c8 un imbroglio, tant&#8217;\u00e8 vero che non lo hanno fatto e non hanno fatto tutto il resto. Di quelle belle proposte che ha fatto Berlusconi non \u00e8 stato fatto niente per la Sicilia. Si potevano fare cose molto importanti: la messa in sicurezza del territorio \u00e8 una di quelle cose fondamentali, \u00e8 la vera grande opera! Si sono gi\u00e0 dimenticati di Giampilieri e dell\u2019alluvione!\u201d<\/p>\n\n\n\n<p><strong>Michele Bruno.<\/strong><\/p>\n","protected":false},"excerpt":{"rendered":"<p>\u00c8 il ritorno sulla scena di Renato Accorinti. Come se non si fosse mai fermato. Eppure, un lungo silenzio aveva seguito la sconfitta elettorale del 2018. Probabilmente l\u2019eterno leader del Movimento No Ponte aveva incassato il colpo. Ma i lottatori pi\u00f9 forti si rialzano e tornano a colpire. Ed oggi Accorinti era a Torre Faro [&hellip;]<\/p>\n","protected":false},"author":123457,"featured_media":150165,"comment_status":"open","ping_status":"open","sticky":false,"template":"","format":"standard","meta":{"ub_ctt_via":"","_mi_skip_tracking":false},"categories":[19,4],"tags":[133,7370,7372,6836,7371],"featured_image_src":"https:\/\/www.messinaoggi.it\/website\/wp-content\/uploads\/2023\/04\/Accorinti-Bonelli-Ponte-10.jpeg","author_info":{"display_name":"Michele Bruno","author_link":"https:\/\/www.messinaoggi.it\/website\/author\/michele-bruno\/"},"digistream_id":0,"digistream":false,"_links":{"self":[{"href":"https:\/\/www.messinaoggi.it\/website\/wp-json\/wp\/v2\/posts\/150184"}],"collection":[{"href":"https:\/\/www.messinaoggi.it\/website\/wp-json\/wp\/v2\/posts"}],"about":[{"href":"https:\/\/www.messinaoggi.it\/website\/wp-json\/wp\/v2\/types\/post"}],"author":[{"embeddable":true,"href":"https:\/\/www.messinaoggi.it\/website\/wp-json\/wp\/v2\/users\/123457"}],"replies":[{"embeddable":true,"href":"https:\/\/www.messinaoggi.it\/website\/wp-json\/wp\/v2\/comments?post=150184"}],"version-history":[{"count":10,"href":"https:\/\/www.messinaoggi.it\/website\/wp-json\/wp\/v2\/posts\/150184\/revisions"}],"predecessor-version":[{"id":150240,"href":"https:\/\/www.messinaoggi.it\/website\/wp-json\/wp\/v2\/posts\/150184\/revisions\/150240"}],"wp:featuredmedia":[{"embeddable":true,"href":"https:\/\/www.messinaoggi.it\/website\/wp-json\/wp\/v2\/media\/150165"}],"wp:attachment":[{"href":"https:\/\/www.messinaoggi.it\/website\/wp-json\/wp\/v2\/media?parent=150184"}],"wp:term":[{"taxonomy":"category","embeddable":true,"href":"https:\/\/www.messinaoggi.it\/website\/wp-json\/wp\/v2\/categories?post=150184"},{"taxonomy":"post_tag","embeddable":true,"href":"https:\/\/www.messinaoggi.it\/website\/wp-json\/wp\/v2\/tags?post=150184"}],"curies":[{"name":"wp","href":"https:\/\/api.w.org\/{rel}","templated":true}]}}