{"id":150132,"date":"2023-04-07T16:05:36","date_gmt":"2023-04-07T14:05:36","guid":{"rendered":"http:\/\/www.messinaoggi.it\/website\/?p=150132"},"modified":"2023-04-08T12:01:01","modified_gmt":"2023-04-08T10:01:01","slug":"no-ponte-bonelli-a-torre-faro-con-gli-abitanti","status":"publish","type":"post","link":"https:\/\/www.messinaoggi.it\/website\/2023\/04\/07\/no-ponte-bonelli-a-torre-faro-con-gli-abitanti\/","title":{"rendered":"No Ponte: Bonelli a Torre Faro con gli abitanti"},"content":{"rendered":"\n<p>No Ponte: E&#8217; stato stamane a Messina, precisamente a Torre Faro, dove ha ascoltato gli abitanti ed ha parlato con loro, <strong>Angelo Bonelli,<\/strong> deputato ed uno dei due portavoce (con Nicola Fratoianni) di Alleanza Verdi Sinistra, l&#8217;alleanza elettorale tra Europa Verde e Sinistra Italiana. <div id=\"div-gpt-ad-Messinaoggi.it-DSK-300x250-corpoart\" style=\"text-align:center;margin:0 auto;\"><\/div><\/p>\n\n\n\n<p>Con lui l&#8217;ex Sindaco <strong>Renato Accorinti,<\/strong> ritornato sulla scena <a href=\"https:\/\/www.facebook.com\/messinaoggi\/videos\/1716131992237467\/\" data-type=\"URL\" data-id=\"https:\/\/www.facebook.com\/messinaoggi\/videos\/1716131992237467\/\"><strong>(lo abbiamo intervistato),<\/strong><\/a> e <strong>Mauro Mangano,<\/strong> portavoce di Europa Verde in Sicilia. Sullo sfondo dello Stretto di Messina, Angelo Bonelli a Torre Faro ha dimostrato l&#8217;intenzione di battersi con il Movimento No Ponte, i suoi tre comitati e i residenti contro la grande opera. <div id=\"videoincontent\" style=\"clear:both\";><\/div><\/p>\n\n\n\n<h2><strong>No Ponte: Bonelli a Torre Faro. Un Parco dello Stretto.<\/strong><\/h2>\n\n\n\n<figure class=\"wp-block-image size-large\"><img loading=\"lazy\" width=\"1024\" height=\"576\" src=\"http:\/\/www.messinaoggi.it\/website\/wp-content\/uploads\/2023\/04\/Accorinti-Bonelli-Ponte-13-1024x576.jpeg\" alt=\"\" class=\"wp-image-150162\" srcset=\"https:\/\/www.messinaoggi.it\/website\/wp-content\/uploads\/2023\/04\/Accorinti-Bonelli-Ponte-13-1024x576.jpeg 1024w, https:\/\/www.messinaoggi.it\/website\/wp-content\/uploads\/2023\/04\/Accorinti-Bonelli-Ponte-13-300x169.jpeg 300w, https:\/\/www.messinaoggi.it\/website\/wp-content\/uploads\/2023\/04\/Accorinti-Bonelli-Ponte-13-768x432.jpeg 768w, https:\/\/www.messinaoggi.it\/website\/wp-content\/uploads\/2023\/04\/Accorinti-Bonelli-Ponte-13-1536x864.jpeg 1536w, https:\/\/www.messinaoggi.it\/website\/wp-content\/uploads\/2023\/04\/Accorinti-Bonelli-Ponte-13.jpeg 1920w\" sizes=\"(max-width: 1024px) 100vw, 1024px\" \/><\/figure>\n\n\n\n<p>Bonelli ha spiegato<strong> <a href=\"https:\/\/www.facebook.com\/messinaoggi\/videos\/972886840728174\/\" data-type=\"URL\" data-id=\"https:\/\/www.facebook.com\/messinaoggi\/videos\/972886840728174\/\">(Qui l&#8217;intervista)<\/a><\/strong> che si far\u00e0 promotore in Parlamento di un&#8217;azione contro la realizzazione del Ponte sullo Stretto ed ha annunciato una proposta di legge per istituire un Parco dello Stretto. <\/p>\n\n\n\n<p>\u201cPresenteremo nel Parlamento una proposta di legge per istituire il Parco nazionale dello Stretto della Costa viola, perch\u00e9 qui ci sono sic ZPS di alto valore e la vera funzione di questa area \u00e8 quella di valorizzare questo territorio e spero che anche l\u2019Unesco venga in soccorso e riconosca questo luogo come patrimonio mondiale dell&#8217;umanit\u00e0\u201d<\/p>\n\n\n\n<h2><strong>No Ponte: Bonelli a Torre Faro.<\/strong> <strong>&#8220;Pi\u00f9 navi per lo Stretto&#8221;<\/strong><\/h2>\n\n\n\n<figure class=\"wp-block-image size-large\"><img loading=\"lazy\" width=\"1024\" height=\"576\" src=\"http:\/\/www.messinaoggi.it\/website\/wp-content\/uploads\/2023\/04\/Accorinti-Bonelli-Ponte-3-1024x576.jpeg\" alt=\"\" class=\"wp-image-150172\" srcset=\"https:\/\/www.messinaoggi.it\/website\/wp-content\/uploads\/2023\/04\/Accorinti-Bonelli-Ponte-3-1024x576.jpeg 1024w, https:\/\/www.messinaoggi.it\/website\/wp-content\/uploads\/2023\/04\/Accorinti-Bonelli-Ponte-3-300x169.jpeg 300w, https:\/\/www.messinaoggi.it\/website\/wp-content\/uploads\/2023\/04\/Accorinti-Bonelli-Ponte-3-768x432.jpeg 768w, https:\/\/www.messinaoggi.it\/website\/wp-content\/uploads\/2023\/04\/Accorinti-Bonelli-Ponte-3-1536x864.jpeg 1536w, https:\/\/www.messinaoggi.it\/website\/wp-content\/uploads\/2023\/04\/Accorinti-Bonelli-Ponte-3.jpeg 1920w\" sizes=\"(max-width: 1024px) 100vw, 1024px\" \/><\/figure>\n\n\n\n<p>Il deputato ritiene che l&#8217;alternativa al Ponte dovrebbe essere assicurare la continuit\u00e0 territoriale attraverso i trasporti marittimi. <\/p>\n\n\n\n<p>\u201cQuesta \u00e8 la nostra proposta: la modernizzazione del passaggio sullo Stretto anche attraverso l&#8217;utilizzo di nuove navi veloci e moderne. Bisogna aumentare l&#8217;occupazione in questo settore, tra l&#8217;altro. Non c&#8217;\u00e8 solo lo Stretto. Penso ad esempio alla continuit\u00e0 territoriale con le isole qui vicine. Chi vive in quelle isole sono popolazioni abbandonate a s\u00e9 stesse. Se uno Stato esiste non pu\u00f2 dimenticare le proprie comunit\u00e0. Questa opera faraonica canceller\u00e0 e rader\u00e0 al suolo questi quartieri, con piloni alti quasi 400 m. Lo trovo francamente eticamente inaccettabile! Dal punto di vista dell&#8217;analisi dei flussi trasportistici, vogliamo dire che il 76,2% di chi si sposta dalla Calabria alla Sicilia per venire qui a Messina non usa la macchina e viene a piedi? Non sono cose che dico io, ma la relazione del Ministro Giovannini. Significa che questa \u00e8 un&#8217;opera che ha altri tipi di esigenze, si regge solo con la questione legata a far passare la Tav e il treno ad alta capacit\u00e0\u201d.<\/p>\n\n\n\n<h2><strong>L&#8217;esposto.<\/strong><\/h2>\n\n\n\n<figure class=\"wp-block-image size-large\"><img loading=\"lazy\" width=\"1024\" height=\"576\" src=\"http:\/\/www.messinaoggi.it\/website\/wp-content\/uploads\/2023\/04\/Accorinti-Bonelli-Ponte-12-1024x576.jpeg\" alt=\"\" class=\"wp-image-150163\" srcset=\"https:\/\/www.messinaoggi.it\/website\/wp-content\/uploads\/2023\/04\/Accorinti-Bonelli-Ponte-12-1024x576.jpeg 1024w, https:\/\/www.messinaoggi.it\/website\/wp-content\/uploads\/2023\/04\/Accorinti-Bonelli-Ponte-12-300x169.jpeg 300w, https:\/\/www.messinaoggi.it\/website\/wp-content\/uploads\/2023\/04\/Accorinti-Bonelli-Ponte-12-768x432.jpeg 768w, https:\/\/www.messinaoggi.it\/website\/wp-content\/uploads\/2023\/04\/Accorinti-Bonelli-Ponte-12-1536x864.jpeg 1536w, https:\/\/www.messinaoggi.it\/website\/wp-content\/uploads\/2023\/04\/Accorinti-Bonelli-Ponte-12.jpeg 1920w\" sizes=\"(max-width: 1024px) 100vw, 1024px\" \/><\/figure>\n\n\n\n<p>Alla stampa ha spiegato che \u00e8 pronto un esposto alla Corte dei Conti. <\/p>\n\n\n\n<p>&#8220;C&#8217;\u00e8 un articolo del codice civile (1176) che dice che quando si utilizzano soldi di una societ\u00e0, ma in questo caso anche quelli di una comunit\u00e0 come quelli dello Stato italiano, devono essere amministrati come fa un buon padre di famiglia. Ecco io penso che Salvini non si stia comportando come un buon padre di famiglia, perch\u00e9 sta spendendo 340 milioni di euro senza dire all&#8217;Italia dove prender\u00e0 10 miliardi e oltre di euro per la realizzazione di questa opera inutile e dannosa e molto rischiosa&#8221;.<\/p>\n\n\n\n<h2><strong>Un&#8217;opera irrealizzabile&#8230;<\/strong><\/h2>\n\n\n\n<figure class=\"wp-block-image size-large\"><img loading=\"lazy\" width=\"1024\" height=\"576\" src=\"http:\/\/www.messinaoggi.it\/website\/wp-content\/uploads\/2023\/04\/Accorinti-Bonelli-Ponte-4-1024x576.jpeg\" alt=\"\" class=\"wp-image-150171\" srcset=\"https:\/\/www.messinaoggi.it\/website\/wp-content\/uploads\/2023\/04\/Accorinti-Bonelli-Ponte-4-1024x576.jpeg 1024w, https:\/\/www.messinaoggi.it\/website\/wp-content\/uploads\/2023\/04\/Accorinti-Bonelli-Ponte-4-300x169.jpeg 300w, https:\/\/www.messinaoggi.it\/website\/wp-content\/uploads\/2023\/04\/Accorinti-Bonelli-Ponte-4-768x432.jpeg 768w, https:\/\/www.messinaoggi.it\/website\/wp-content\/uploads\/2023\/04\/Accorinti-Bonelli-Ponte-4-1536x864.jpeg 1536w, https:\/\/www.messinaoggi.it\/website\/wp-content\/uploads\/2023\/04\/Accorinti-Bonelli-Ponte-4.jpeg 1920w\" sizes=\"(max-width: 1024px) 100vw, 1024px\" \/><\/figure>\n\n\n\n<p>Per il leader dei Verdi italiani &#8220;\u00e8 un opera da un punto di vista tecnico irrealizzabile. Un Ponte a una sola campata, con una ferrovia, non esiste da nessuna parte, con questa lunghezza. L&#8217;unico simile \u00e8 ad Akashi ed hanno tolto la ferrovia per motivi di sicurezza. Questo decreto stanzia 340 milioni di euro che servono per la propaganda di Salvini, lasciando la Sicilia e la Calabria in una situazione di ritardo infrastrutturale e ferroviario. In Sicilia ci sono zone dove l&#8217;acqua arriva razionata con le autobotti&#8230;in una situazione in cui c&#8217;\u00e8 un dissesto idrogeologico di rilievo, dove il tema del rischio sismico non \u00e8 stato attenzionato e non si \u00e8 giunti all&#8217;adeguamento sismico delle abitazioni&#8230; Le vere priorit\u00e0 sono altre&#8221;. <\/p>\n\n\n\n<h2><strong>Bonelli chiama PD e M5S.<\/strong><\/h2>\n\n\n\n<p>Bonelli non vuole fare da solo questa battaglia. Oltre ai cittadini messinesi vuole coinvolgere le altre forze progressiste come PD e M5S. <\/p>\n\n\n\n<p>&#8220;Faccio un invito a Elly Schlein e anche a Giuseppe Conte. Facciamo insieme questa battaglia in Parlamento, che non \u00e8 una battaglia ideologica. E&#8217; una battaglia razionale, pragmatica, per portare le risorse al sud. Ricordo ancora quando mio pap\u00e0, siciliano, mi portava a Ravanusa. Prendevamo la littorina e nulla \u00e8 cambiato. Per andare da Messina a Trapani ci vogliono 9 ore. Non ne parliamo per arrivare ad Agrigento. Il sud deve essere condannato a questo ritardo infrastrutturale e oggi si vuol far credere che attraverso questa opera faraonica tutto cambier\u00e0. Non cambier\u00e0 nulla perch\u00e9 i soldi se li prenderanno le aziende del nord e lasceranno il sud in un drammatico ritardo infrastrutturale sulle ferrovie, sulle scuole, sulla sanit\u00e0.  I cittadini del Sud sono ridotti a clientes della sanit\u00e0 privata del nord. E&#8217; ora di farla finita. Se ci sono risorse cos\u00ec cospicue, si parla di 10 miliardi, allora si faccia un piano per il riscatto del Sud che parte dal trasporto pubblico, passando per la scuola, la sanit\u00e0, il dissesto idrogeologico, e per riportare l&#8217;acqua potabile laddove non c&#8217;\u00e8&#8221;.<\/p>\n\n\n\n<h2><strong>I rischi ambientali.<\/strong><\/h2>\n\n\n\n<p>Dal punto di vista ambientale i rischi &#8220;sono diversi, innanzitutto noi ci troviamo in sic ZPS che sono zone di protezione speciali di interesse comunitario. Ci troviamo in un luogo dove il paesaggio della fauna ittica, come spiega anche la Commissione Via, sar\u00e0 profondamente alterato. Il danno sarebbe veramente irreversibile, ma non lo dice Angelo Bonelli. Lo dice il parere negativo della Commissione, che disse di no proprio per l&#8217;alto impatto ambientale e paesaggistico\u201d.<\/p>\n\n\n\n<p>Dovr\u00e0 essere fatta una nuova verifica ambientale, e il deputato si esprime cos\u00ec in merito: <\/p>\n\n\n\n<p>&#8220;Quello che a noi preoccupa \u00e8 che Salvini sta facendo delle forzature. Da un lato recupera un vecchio progetto, dall&#8217;altro le prescrizioni che sono state accettate in quel progetto non le considera. Non funziona cos\u00ec, non si pu\u00f2 prendere un progetto di oltre 12 anni fa riesumarlo e poi cercare di riportarlo avanti. Non solo sono cambiate delle cose, non solo ci troviamo nella necessit\u00e0 di fare un&#8217;analisi diversa dal punto di vista idrogeologico. Sapete meglio di me che la Calabria e la Sicilia si allontanano hanno dopo anno in un modo infinitesimale, siamo su una faglia ad alto rischio sismico&#8221;. <\/p>\n\n\n\n<p><strong>Michele Bruno<\/strong>.<\/p>\n","protected":false},"excerpt":{"rendered":"<p>No Ponte: E&#8217; stato stamane a Messina, precisamente a Torre Faro, dove ha ascoltato gli abitanti ed ha parlato con loro, Angelo Bonelli, deputato ed uno dei due portavoce (con Nicola Fratoianni) di Alleanza Verdi Sinistra, l&#8217;alleanza elettorale tra Europa Verde e Sinistra Italiana. Con lui l&#8217;ex Sindaco Renato Accorinti, ritornato sulla scena (lo abbiamo [&hellip;]<\/p>\n","protected":false},"author":123457,"featured_media":150173,"comment_status":"open","ping_status":"open","sticky":false,"template":"","format":"standard","meta":{"ub_ctt_via":"","_mi_skip_tracking":false},"categories":[4],"tags":[133,7370,7372,6836,1154,7371],"featured_image_src":"https:\/\/www.messinaoggi.it\/website\/wp-content\/uploads\/2023\/04\/Accorinti-Bonelli-Ponte-2.jpeg","author_info":{"display_name":"Michele Bruno","author_link":"https:\/\/www.messinaoggi.it\/website\/author\/michele-bruno\/"},"digistream_id":0,"digistream":false,"_links":{"self":[{"href":"https:\/\/www.messinaoggi.it\/website\/wp-json\/wp\/v2\/posts\/150132"}],"collection":[{"href":"https:\/\/www.messinaoggi.it\/website\/wp-json\/wp\/v2\/posts"}],"about":[{"href":"https:\/\/www.messinaoggi.it\/website\/wp-json\/wp\/v2\/types\/post"}],"author":[{"embeddable":true,"href":"https:\/\/www.messinaoggi.it\/website\/wp-json\/wp\/v2\/users\/123457"}],"replies":[{"embeddable":true,"href":"https:\/\/www.messinaoggi.it\/website\/wp-json\/wp\/v2\/comments?post=150132"}],"version-history":[{"count":6,"href":"https:\/\/www.messinaoggi.it\/website\/wp-json\/wp\/v2\/posts\/150132\/revisions"}],"predecessor-version":[{"id":150183,"href":"https:\/\/www.messinaoggi.it\/website\/wp-json\/wp\/v2\/posts\/150132\/revisions\/150183"}],"wp:featuredmedia":[{"embeddable":true,"href":"https:\/\/www.messinaoggi.it\/website\/wp-json\/wp\/v2\/media\/150173"}],"wp:attachment":[{"href":"https:\/\/www.messinaoggi.it\/website\/wp-json\/wp\/v2\/media?parent=150132"}],"wp:term":[{"taxonomy":"category","embeddable":true,"href":"https:\/\/www.messinaoggi.it\/website\/wp-json\/wp\/v2\/categories?post=150132"},{"taxonomy":"post_tag","embeddable":true,"href":"https:\/\/www.messinaoggi.it\/website\/wp-json\/wp\/v2\/tags?post=150132"}],"curies":[{"name":"wp","href":"https:\/\/api.w.org\/{rel}","templated":true}]}}