{"id":150119,"date":"2023-04-07T12:45:06","date_gmt":"2023-04-07T10:45:06","guid":{"rendered":"http:\/\/www.messinaoggi.it\/website\/?p=150119"},"modified":"2023-04-07T12:45:09","modified_gmt":"2023-04-07T10:45:09","slug":"agenti-aggrediti-in-carcere-fp-cgil-servono-misure-immediate","status":"publish","type":"post","link":"https:\/\/www.messinaoggi.it\/website\/2023\/04\/07\/agenti-aggrediti-in-carcere-fp-cgil-servono-misure-immediate\/","title":{"rendered":"Agenti aggrediti in carcere, Fp Cgil: &#8220;Servono misure immediate&#8221;"},"content":{"rendered":"\n<p>Nuova aggressione ai danni degli operatori di Polizia nel carcere di Gazzi. A renderlo noto \u00e8 la\u00a0 FP CGIL, spiegando che l&#8217;aggressione si \u00e8 consumata nel pomeriggio di ieri ai danni di due poliziotti penitenziari, i quali, durante lo svolgimento del servizio, hanno rinvenuto\u00a0 all\u2019interno di una cella un cellulare.<div id=\"div-gpt-ad-Messinaoggi.it-DSK-300x250-corpoart\" style=\"text-align:center;margin:0 auto;\"><\/div><\/p>\n\n\n\n<p>&#8220;Non appena il detenuto si \u00e8 reso conto della scoperta fatta dagli agenti, si \u00e8 scagliato contro i due malcapitati colpendoli ripetutamente con pugni in pieno volto. &#8211; spiega il sindacato &#8211; I lavoratori sono stati costretti a ricorrere alle cure del Pronto soccorso dell&#8217;ospedale pi\u00f9 vicino, mentre per il detenuto in questione \u00e8 scattato l\u2019arresto in flagranza di reato&#8221;.\u00a0<div id=\"videoincontent\" style=\"clear:both\";><\/div><\/p>\n\n\n\n<p>Il segretario della FP CGIL di Messina Francesco Fucile e il coordinatore provinciale Giovanni Span\u00f2 chiedono alla direzione del carcere di Messina di adottare seri provvedimenti necessari a tutela del personale di Polizia penitenziaria: &#8220;Non \u00e8 pi\u00f9 ammissibile questa escalation di violenza all\u2019interno di quel carcere dove ormai i detenuti, in un clima di impunit\u00e0 e totale assenza delle regole, sono liberi di aggredire gli agenti. <\/p>\n\n\n\n<p>&#8220;La FP CGIL di Messina \u2013 continuano Span\u00f2 e Fucile &#8211; esprime massima solidariet\u00e0 nei confronti dei due poliziotti rimasti feriti, augurando loro una pronta guarigione. Esortiamo la Direzione a fare s\u00ec che l\u2019operato dei poliziotti sia sottoposto alla valutazione da parte della Commissione ricompense del Dipartimento dell\u2019Amministrazione penitenziaria, per aver dato prova di alta professionalit\u00e0 affermando la presenza dello Stato all\u2019interno dell\u2019istituto penitenziario, nonch\u00e9 la legalit\u00e0 e il rispetto della Legge&#8221;.<\/p>\n","protected":false},"excerpt":{"rendered":"<p>Nuova aggressione ai danni degli operatori di Polizia nel carcere di Gazzi. A renderlo noto \u00e8 la\u00a0 FP CGIL, spiegando che l&#8217;aggressione si \u00e8 consumata nel pomeriggio di ieri ai danni di due poliziotti penitenziari, i quali, durante lo svolgimento del servizio, hanno rinvenuto\u00a0 all\u2019interno di una cella un cellulare. &#8220;Non appena il detenuto si [&hellip;]<\/p>\n","protected":false},"author":8,"featured_media":7514,"comment_status":"open","ping_status":"open","sticky":false,"template":"","format":"standard","meta":{"ub_ctt_via":"","_mi_skip_tracking":false},"categories":[6],"tags":[1314,1963,774],"featured_image_src":"https:\/\/www.messinaoggi.it\/website\/wp-content\/uploads\/2017\/09\/carcere-di-gazzi-via-consolare-valeria-1-2.jpg","author_info":{"display_name":"red..me","author_link":"https:\/\/www.messinaoggi.it\/website\/author\/redstage\/"},"digistream_id":0,"digistream":false,"_links":{"self":[{"href":"https:\/\/www.messinaoggi.it\/website\/wp-json\/wp\/v2\/posts\/150119"}],"collection":[{"href":"https:\/\/www.messinaoggi.it\/website\/wp-json\/wp\/v2\/posts"}],"about":[{"href":"https:\/\/www.messinaoggi.it\/website\/wp-json\/wp\/v2\/types\/post"}],"author":[{"embeddable":true,"href":"https:\/\/www.messinaoggi.it\/website\/wp-json\/wp\/v2\/users\/8"}],"replies":[{"embeddable":true,"href":"https:\/\/www.messinaoggi.it\/website\/wp-json\/wp\/v2\/comments?post=150119"}],"version-history":[{"count":1,"href":"https:\/\/www.messinaoggi.it\/website\/wp-json\/wp\/v2\/posts\/150119\/revisions"}],"predecessor-version":[{"id":150120,"href":"https:\/\/www.messinaoggi.it\/website\/wp-json\/wp\/v2\/posts\/150119\/revisions\/150120"}],"wp:featuredmedia":[{"embeddable":true,"href":"https:\/\/www.messinaoggi.it\/website\/wp-json\/wp\/v2\/media\/7514"}],"wp:attachment":[{"href":"https:\/\/www.messinaoggi.it\/website\/wp-json\/wp\/v2\/media?parent=150119"}],"wp:term":[{"taxonomy":"category","embeddable":true,"href":"https:\/\/www.messinaoggi.it\/website\/wp-json\/wp\/v2\/categories?post=150119"},{"taxonomy":"post_tag","embeddable":true,"href":"https:\/\/www.messinaoggi.it\/website\/wp-json\/wp\/v2\/tags?post=150119"}],"curies":[{"name":"wp","href":"https:\/\/api.w.org\/{rel}","templated":true}]}}