{"id":150097,"date":"2023-04-07T10:26:41","date_gmt":"2023-04-07T08:26:41","guid":{"rendered":"http:\/\/www.messinaoggi.it\/website\/?p=150097"},"modified":"2023-04-07T10:26:42","modified_gmt":"2023-04-07T08:26:42","slug":"italiano-pronto-soccorso-fogliani-basta-scuse","status":"publish","type":"post","link":"https:\/\/www.messinaoggi.it\/website\/2023\/04\/07\/italiano-pronto-soccorso-fogliani-basta-scuse\/","title":{"rendered":"Italiano: &#8220;Pronto soccorso Fogliani, basta scuse&#8221;"},"content":{"rendered":"\n<p>&#8220;Mi giungono notizie che l&#8217;Asp 5 non intende adeguare il reparto di psichiatria di Milazzo per ospitare il pronto soccorso.<br>Solo alcuni mesi fa la comunicazione fatta dal commissario Asp riferiva che tutto fosse possibile con un impegno \u00a0di spesa per l&#8217;adeguamento di circa 300 mila euro secondo la perizia degli uffici.<br>Mi chiedo che cos&#8217;\u00e8 cambiato in cos\u00ec poco tempo per fare inversione di rotta? Qual \u00e8 la motivazione? Esiste un supplemento di perizia che fa lievitare i costi di adeguamento dell&#8217;ex reparto di psichiatria a pronto soccorso? Al policlinico di Messina nonostante i locali del pronto soccorso sono in fase di restauro da quasi due anni la struttura \u00e8 stata trasferita in un altro padiglione adeguando un reparto, non so se \u00e8 collegato al reparto di rianimazione come vogliono giustificare all&#8217;Asp 5 per Milazzo.<br>A Milazzo \u00e8 collegato? Osi usano gli ascensori per portare i lettini dal pronto soccorso alla rianimazione. Manca la chiara intenzione per adeguare il reparto, adducendo tutte le scuse possibili. PERCHE?\u00a0<br>BASTA SCUSE!&#8221;<div id=\"div-gpt-ad-Messinaoggi.it-DSK-300x250-corpoart\" style=\"text-align:center;margin:0 auto;\"><\/div><\/p>\n\n\n\n<p>Lo scrive in una nota stampa <strong>Lorenzo Italiano<\/strong>, ex sindaco di Milazzo ed attuale consigliere comunale.<div id=\"videoincontent\" style=\"clear:both\";><\/div><\/p>\n\n\n\n<p><br>&#8220;Milazzo ha una piattaforma di elisoccorso e un reparto di terapia intensiva, il pronto soccorso non pu\u00f2 essere chiuso nemmeno per un giorno, soprattuto ora dopo la chiusura del Ponte di Calder\u00e0. Una scelta irresponsabile.<br>Siamo pronti a scendere in Piazza contro la chiusura, siamo pronti a questa battaglia di buon senso per tutelare il diritto alla salute di tutti. Nessuno escluso.\u00a0<br>A difesa del diritto alla salute di tutti, senza ipocrisie e colore politico!&#8221;<br>#SempreDallaTuaParte&#8221;.<\/p>\n\n\n\n<p>Conclude la nota stampa.<\/p>\n","protected":false},"excerpt":{"rendered":"<p>&#8220;Mi giungono notizie che l&#8217;Asp 5 non intende adeguare il reparto di psichiatria di Milazzo per ospitare il pronto soccorso.Solo alcuni mesi fa la comunicazione fatta dal commissario Asp riferiva che tutto fosse possibile con un impegno \u00a0di spesa per l&#8217;adeguamento di circa 300 mila euro secondo la perizia degli uffici.Mi chiedo che cos&#8217;\u00e8 cambiato [&hellip;]<\/p>\n","protected":false},"author":2,"featured_media":45745,"comment_status":"open","ping_status":"open","sticky":false,"template":"","format":"standard","meta":{"ub_ctt_via":"","_mi_skip_tracking":false},"categories":[13,14],"tags":[7336,5198,7367],"featured_image_src":"https:\/\/www.messinaoggi.it\/website\/wp-content\/uploads\/2020\/07\/E8AF2787-5923-4439-B3E6-D0018B0798C7-scaled-1.jpeg","author_info":{"display_name":"Redazione","author_link":"https:\/\/www.messinaoggi.it\/website\/author\/redazione\/"},"digistream_id":0,"digistream":false,"_links":{"self":[{"href":"https:\/\/www.messinaoggi.it\/website\/wp-json\/wp\/v2\/posts\/150097"}],"collection":[{"href":"https:\/\/www.messinaoggi.it\/website\/wp-json\/wp\/v2\/posts"}],"about":[{"href":"https:\/\/www.messinaoggi.it\/website\/wp-json\/wp\/v2\/types\/post"}],"author":[{"embeddable":true,"href":"https:\/\/www.messinaoggi.it\/website\/wp-json\/wp\/v2\/users\/2"}],"replies":[{"embeddable":true,"href":"https:\/\/www.messinaoggi.it\/website\/wp-json\/wp\/v2\/comments?post=150097"}],"version-history":[{"count":1,"href":"https:\/\/www.messinaoggi.it\/website\/wp-json\/wp\/v2\/posts\/150097\/revisions"}],"predecessor-version":[{"id":150098,"href":"https:\/\/www.messinaoggi.it\/website\/wp-json\/wp\/v2\/posts\/150097\/revisions\/150098"}],"wp:featuredmedia":[{"embeddable":true,"href":"https:\/\/www.messinaoggi.it\/website\/wp-json\/wp\/v2\/media\/45745"}],"wp:attachment":[{"href":"https:\/\/www.messinaoggi.it\/website\/wp-json\/wp\/v2\/media?parent=150097"}],"wp:term":[{"taxonomy":"category","embeddable":true,"href":"https:\/\/www.messinaoggi.it\/website\/wp-json\/wp\/v2\/categories?post=150097"},{"taxonomy":"post_tag","embeddable":true,"href":"https:\/\/www.messinaoggi.it\/website\/wp-json\/wp\/v2\/tags?post=150097"}],"curies":[{"name":"wp","href":"https:\/\/api.w.org\/{rel}","templated":true}]}}