{"id":150086,"date":"2023-04-07T10:07:53","date_gmt":"2023-04-07T08:07:53","guid":{"rendered":"https:\/\/www.messinaoggi.it\/website\/2023\/04\/07\/covid-rt-in-rialzo-a-1-ma-cala-lincidenza\/"},"modified":"2023-04-07T14:24:14","modified_gmt":"2023-04-07T12:24:14","slug":"covid-rt-in-rialzo-a-1-ma-cala-lincidenza","status":"publish","type":"post","link":"https:\/\/www.messinaoggi.it\/website\/2023\/04\/07\/covid-rt-in-rialzo-a-1-ma-cala-lincidenza\/","title":{"rendered":"Covid, Rt in rialzo a 1 ma cala l\u2019incidenza"},"content":{"rendered":"<div>ROMA (ITALPRESS) &#8211; In lieve diminuzione l&#8217;incidenza settimanale a livello nazionale dei casi Covid: 34 ogni 100.000 abitanti contro i 37 ogni 100.000 abitanti della scorsa settimana. E&#8217; quanto emerge dal monitoraggio della Cabina di regia Iss-ministero della Salute. Nel periodo 15-28 marzo 2023, l&#8217;Rt medio calcolato sui casi sintomatici \u00e8 stato pari a 1, in lieve aumento rispetto alla settimana precedente e coincidente con la soglia epidemica. L&#8217;indice di trasmissibilit\u00e0 basato sui casi con ricovero ospedaliero \u00e8 invece in lieve diminuzione e appena sotto la soglia epidemica. Il tasso di occupazione in terapia intensiva \u00e8 sostanzialmente stabile allo 0,9%, mentre il tasso di occupazione in aree mediche a livello nazionale \u00e8 sostanzialmente stabile al 3,8%. Una Regione risulta non valutabile, e di conseguenza equiparata a rischio alto. Tre Regioni sono a rischio alto a causa di molteplici allerte di resilienza. Otto sono a rischio moderato, nove sono classificate a rischio basso. <div id=\"div-gpt-ad-Messinaoggi.it-DSK-300x250-corpoart\" style=\"text-align:center;margin:0 auto;\"><\/div><\/p>\n<p>&#8211; foto agenziafotogramma.it &#8211;<br \/>(ITALPRESS).<\/div>\n<div id=\"videoincontent\" style=\"clear:both\";><\/div>","protected":false},"excerpt":{"rendered":"<p>ROMA (ITALPRESS) &#8211; In lieve diminuzione l&#8217;incidenza settimanale a livello nazionale dei casi Covid: 34 ogni 100.000 abitanti contro i 37 ogni 100.000 abitanti della scorsa settimana. E&#8217; quanto emerge dal monitoraggio della Cabina di regia Iss-ministero della Salute. Nel periodo 15-28 marzo 2023, l&#8217;Rt medio calcolato sui casi sintomatici \u00e8 stato pari a 1, [&hellip;]<\/p>\n","protected":false},"author":18,"featured_media":150087,"comment_status":"closed","ping_status":"closed","sticky":false,"template":"","format":"standard","meta":{"ub_ctt_via":"","_mi_skip_tracking":false},"categories":[221,446],"tags":[783],"featured_image_src":"https:\/\/www.messinaoggi.it\/website\/wp-content\/uploads\/2023\/04\/20230407_0129.jpg","author_info":{"display_name":"Admin","author_link":"https:\/\/www.messinaoggi.it\/website\/author\/admin\/"},"digistream_id":0,"digistream":false,"_links":{"self":[{"href":"https:\/\/www.messinaoggi.it\/website\/wp-json\/wp\/v2\/posts\/150086"}],"collection":[{"href":"https:\/\/www.messinaoggi.it\/website\/wp-json\/wp\/v2\/posts"}],"about":[{"href":"https:\/\/www.messinaoggi.it\/website\/wp-json\/wp\/v2\/types\/post"}],"author":[{"embeddable":true,"href":"https:\/\/www.messinaoggi.it\/website\/wp-json\/wp\/v2\/users\/18"}],"replies":[{"embeddable":true,"href":"https:\/\/www.messinaoggi.it\/website\/wp-json\/wp\/v2\/comments?post=150086"}],"version-history":[{"count":1,"href":"https:\/\/www.messinaoggi.it\/website\/wp-json\/wp\/v2\/posts\/150086\/revisions"}],"predecessor-version":[{"id":150134,"href":"https:\/\/www.messinaoggi.it\/website\/wp-json\/wp\/v2\/posts\/150086\/revisions\/150134"}],"wp:featuredmedia":[{"embeddable":true,"href":"https:\/\/www.messinaoggi.it\/website\/wp-json\/wp\/v2\/media\/150087"}],"wp:attachment":[{"href":"https:\/\/www.messinaoggi.it\/website\/wp-json\/wp\/v2\/media?parent=150086"}],"wp:term":[{"taxonomy":"category","embeddable":true,"href":"https:\/\/www.messinaoggi.it\/website\/wp-json\/wp\/v2\/categories?post=150086"},{"taxonomy":"post_tag","embeddable":true,"href":"https:\/\/www.messinaoggi.it\/website\/wp-json\/wp\/v2\/tags?post=150086"}],"curies":[{"name":"wp","href":"https:\/\/api.w.org\/{rel}","templated":true}]}}