{"id":150077,"date":"2023-04-07T10:04:39","date_gmt":"2023-04-07T08:04:39","guid":{"rendered":"http:\/\/www.messinaoggi.it\/website\/?p=150077"},"modified":"2023-04-07T10:04:42","modified_gmt":"2023-04-07T08:04:42","slug":"raccolta-rifiuti-tutto-regolare-a-pasqua","status":"publish","type":"post","link":"https:\/\/www.messinaoggi.it\/website\/2023\/04\/07\/raccolta-rifiuti-tutto-regolare-a-pasqua\/","title":{"rendered":"Raccolta rifiuti, tutto regolare a Pasqua"},"content":{"rendered":"\n<p>La Messinaservizi Bene Comune comunica che per le festivit\u00e0 pasquali si seguir\u00e0 un particolare calendario: domenica 9 aprile, in occasione della Santa Pasqua, non si svolger\u00e0 alcuna attivit\u00e0 lavorativa, ogni area comunque predisporr\u00e0 una squadra di 5 unit\u00e0 per eventuali esigenze emergenziali; luned\u00ec 10 aprile a pasquetta i servizi di raccolta, trasporto e spazzamento saranno regolari nelle aree Nord, Centro e Sud, mentre le isole ecologiche rimarranno chiuse. Lo stesso avverr\u00e0 il 25 aprile e l\u2019uno maggio quando i servizi saranno regolari, ma resteranno chiuse le isole ecologiche. Messinaservzi augura a tutti i cittadini una serena Pasqua e una felice pasquetta.<div id=\"div-gpt-ad-Messinaoggi.it-DSK-300x250-corpoart\" style=\"text-align:center;margin:0 auto;\"><\/div><\/p>\n<div id=\"videoincontent\" style=\"clear:both\";><\/div>","protected":false},"excerpt":{"rendered":"<p>La Messinaservizi Bene Comune comunica che per le festivit\u00e0 pasquali si seguir\u00e0 un particolare calendario: domenica 9 aprile, in occasione della Santa Pasqua, non si svolger\u00e0 alcuna attivit\u00e0 lavorativa, ogni area comunque predisporr\u00e0 una squadra di 5 unit\u00e0 per eventuali esigenze emergenziali; luned\u00ec 10 aprile a pasquetta i servizi di raccolta, trasporto e spazzamento saranno [&hellip;]<\/p>\n","protected":false},"author":2,"featured_media":150078,"comment_status":"open","ping_status":"open","sticky":false,"template":"","format":"standard","meta":{"ub_ctt_via":"","_mi_skip_tracking":false},"categories":[5],"tags":[1182,2018,7359],"featured_image_src":"https:\/\/www.messinaoggi.it\/website\/wp-content\/uploads\/2023\/04\/Messina-fa-la-differenza.jpg","author_info":{"display_name":"Redazione","author_link":"https:\/\/www.messinaoggi.it\/website\/author\/redazione\/"},"digistream_id":0,"digistream":false,"_links":{"self":[{"href":"https:\/\/www.messinaoggi.it\/website\/wp-json\/wp\/v2\/posts\/150077"}],"collection":[{"href":"https:\/\/www.messinaoggi.it\/website\/wp-json\/wp\/v2\/posts"}],"about":[{"href":"https:\/\/www.messinaoggi.it\/website\/wp-json\/wp\/v2\/types\/post"}],"author":[{"embeddable":true,"href":"https:\/\/www.messinaoggi.it\/website\/wp-json\/wp\/v2\/users\/2"}],"replies":[{"embeddable":true,"href":"https:\/\/www.messinaoggi.it\/website\/wp-json\/wp\/v2\/comments?post=150077"}],"version-history":[{"count":1,"href":"https:\/\/www.messinaoggi.it\/website\/wp-json\/wp\/v2\/posts\/150077\/revisions"}],"predecessor-version":[{"id":150079,"href":"https:\/\/www.messinaoggi.it\/website\/wp-json\/wp\/v2\/posts\/150077\/revisions\/150079"}],"wp:featuredmedia":[{"embeddable":true,"href":"https:\/\/www.messinaoggi.it\/website\/wp-json\/wp\/v2\/media\/150078"}],"wp:attachment":[{"href":"https:\/\/www.messinaoggi.it\/website\/wp-json\/wp\/v2\/media?parent=150077"}],"wp:term":[{"taxonomy":"category","embeddable":true,"href":"https:\/\/www.messinaoggi.it\/website\/wp-json\/wp\/v2\/categories?post=150077"},{"taxonomy":"post_tag","embeddable":true,"href":"https:\/\/www.messinaoggi.it\/website\/wp-json\/wp\/v2\/tags?post=150077"}],"curies":[{"name":"wp","href":"https:\/\/api.w.org\/{rel}","templated":true}]}}