{"id":150064,"date":"2023-04-07T17:59:04","date_gmt":"2023-04-07T15:59:04","guid":{"rendered":"http:\/\/www.messinaoggi.it\/website\/?p=150064"},"modified":"2023-04-07T18:14:52","modified_gmt":"2023-04-07T16:14:52","slug":"le-contraddizioni-di-carlotta-previti","status":"publish","type":"post","link":"https:\/\/www.messinaoggi.it\/website\/2023\/04\/07\/le-contraddizioni-di-carlotta-previti\/","title":{"rendered":"Le contraddizioni di Carlotta Previti"},"content":{"rendered":"\n<p>Da sedicente &#8220;rivoluzionaria&#8221; a &#8220;patriota&#8221; in meno di un mese. <strong>Carlotta Previti<\/strong>, gi\u00e0 assessore della giunta <strong>De Luca<\/strong> e poi di quella guidata da <strong>Federico Basile<\/strong>, in meno di trenta giorni ha &#8220;stravolto&#8221; le sue idee politica. <div id=\"div-gpt-ad-Messinaoggi.it-DSK-300x250-corpoart\" style=\"text-align:center;margin:0 auto;\"><\/div><\/p>\n\n\n\n<figure class=\"wp-block-image size-large\"><img loading=\"lazy\" width=\"979\" height=\"730\" src=\"http:\/\/www.messinaoggi.it\/website\/wp-content\/uploads\/2023\/04\/0-2-3.jpg\" alt=\"\" class=\"wp-image-150058\" srcset=\"https:\/\/www.messinaoggi.it\/website\/wp-content\/uploads\/2023\/04\/0-2-3.jpg 979w, https:\/\/www.messinaoggi.it\/website\/wp-content\/uploads\/2023\/04\/0-2-3-300x224.jpg 300w, https:\/\/www.messinaoggi.it\/website\/wp-content\/uploads\/2023\/04\/0-2-3-768x573.jpg 768w\" sizes=\"(max-width: 979px) 100vw, 979px\" \/><figcaption><strong>Carlotta Previti all&#8217;incontro tenutosi al Ministero del Turismo<\/strong><\/figcaption><\/figure>\n\n\n\n<p>Lei che indossava la casacca del movimento del rivoluzionario<strong> Cateno De Luca<\/strong>, nel giro di pochissimi giorni ha cambiato idea avendo ricevuto l&#8217;abbraccio di <strong>Fratelli d&#8217;Italia<\/strong>. La prima uscita ufficiale risale all&#8217;altro ieri quando si \u00e8 mostrata in foto con l&#8217;assessora regionale al Turismo, <strong>Elvira Amata<\/strong>, in un incontro tenutosi al ministero del Turismo, a Roma.<div id=\"videoincontent\" style=\"clear:both\";><\/div><\/p>\n\n\n\n<p><strong>Solo gli stupidi non cambiano idea, anche due volte<\/strong><\/p>\n\n\n\n<p>Se \u00e8 vero che solo gli stupidi non cambiano idea, \u00e8 anche vero che Carlotta Previti, l&#8217;esperta di finanziamenti europei, la sua idea l&#8217;ha cambiata due volte. La prima sposando il progetto &#8220;rivoluzionario&#8221; del leader maximo di Sicilia Vera &#8211; lei proveniva dall&#8217;area di centro-destra, nominata esperta all&#8217;ex Provincia da <strong>Nanni Ricevuto<\/strong> -, la seconda meno di una settimana fa. Del resto come poteva rinunciare ad un contratto da sei mesi proposto da <strong>Elvira Amata<\/strong>? <\/p>\n\n\n\n<p><strong>Le contraddizioni di Carlotta<\/strong><\/p>\n\n\n\n<p><strong>Carlotta Previti<\/strong>, all&#8217;indomani delle sue dimissioni, dopo che sono circolate voci si possibili cambi di casacca, aveva annunciato &#8220;urbi et orbi&#8221; con il suo addetto stampa &#8220;ombra&#8221;, che non avrebbe preso alcun incarico politico. Invece, questa \u00e8 la contraddizione, qualche giorno dopo iniziava il giro delle sagrestie, evitando comunque di mettere piede all&#8217;interno dei Santuari della Politica. La <strong>Previti<\/strong> &#8211; dicono in bene informati &#8211; prima di accettare l&#8217;incarico della Amata, ha sondato il terreno con due parlamentari nazionali di centro-destra. Poi la scelta \u00e8 ricaduta su <strong>Fratelli d&#8217;Italia<\/strong>, diventano di fatto una &#8220;<strong>patriota<\/strong>&#8220;. Alla faccia della &#8220;<strong>rivoluzione<\/strong>&#8220;.<\/p>\n\n\n\n<p><strong>Quanto guadagner\u00e0 la Previti?<\/strong><\/p>\n\n\n\n<p>Ancora oggi non \u00e8 dato sapere quanto guadagner\u00e0 con questo nuovo incarico legato al nuovo incarico di &#8220;Attivit\u00e0 di pianificazone strategica dei fondi regionali, nazionali ed europei&#8221;, perch\u00e9 sulla Rete \u00e8 disponibile il decreto di nomina, ma non l&#8217;allegato. Siccome conosciamo la correttezza dell&#8217;assessore <strong>Elvira Amata<\/strong>, siamo certi che il contratto con l&#8217;indicazione del compenso sar\u00e0 recapitato alla nostra redazione. <strong>Non per soddisfare una mera curiosit\u00e0, ma per ragioni di trasparenza imposte dalla legge<\/strong>. <\/p>\n\n\n\n<p><strong>Perch\u00e9 le dimissioni di Carlotta?<\/strong><\/p>\n\n\n\n<p>Un passo indietro \u00e8 doveroso. Perch\u00e9 <strong>Carlotta Previti<\/strong> ha rassegnato le sue dimissioni? La risposta \u00e8 da ricercare nella presenza ingombrante di <strong>Salvo Puccio<\/strong>, uomo di fiducia di <strong>Cateno De Luca<\/strong>, nominato direttore generale di Palazzo Zanca, col il mandato di &#8220;commissariare&#8221; proprio la <strong>Previti<\/strong>. La stessa, durante la campagna elettorale dello scorso settembre, aveva gi\u00e0 tirato i remi in barca evitando di dare supporto politico al suo ex sindaco, <strong>Cateno De Luca<\/strong>.<\/p>\n\n\n\n<figure class=\"wp-block-image size-large\"><img loading=\"lazy\" width=\"960\" height=\"947\" src=\"http:\/\/www.messinaoggi.it\/website\/wp-content\/uploads\/2022\/12\/Salvo-Puccio.jpg\" alt=\"\" class=\"wp-image-134536\" srcset=\"https:\/\/www.messinaoggi.it\/website\/wp-content\/uploads\/2022\/12\/Salvo-Puccio.jpg 960w, https:\/\/www.messinaoggi.it\/website\/wp-content\/uploads\/2022\/12\/Salvo-Puccio-300x296.jpg 300w, https:\/\/www.messinaoggi.it\/website\/wp-content\/uploads\/2022\/12\/Salvo-Puccio-768x758.jpg 768w\" sizes=\"(max-width: 960px) 100vw, 960px\" \/><figcaption><strong>Salvo Puccio, direttore generale del Comune di Messina<\/strong><\/figcaption><\/figure>\n","protected":false},"excerpt":{"rendered":"<p>Da sedicente &#8220;rivoluzionaria&#8221; a &#8220;patriota&#8221; in meno di un mese. Carlotta Previti, gi\u00e0 assessore della giunta De Luca e poi di quella guidata da Federico Basile, in meno di trenta giorni ha &#8220;stravolto&#8221; le sue idee politica. Lei che indossava la casacca del movimento del rivoluzionario Cateno De Luca, nel giro di pochissimi giorni ha [&hellip;]<\/p>\n","protected":false},"author":2,"featured_media":143433,"comment_status":"open","ping_status":"open","sticky":false,"template":"","format":"standard","meta":{"ub_ctt_via":"","_mi_skip_tracking":false},"categories":[6],"tags":[],"featured_image_src":"https:\/\/www.messinaoggi.it\/website\/wp-content\/uploads\/2023\/02\/IMG-3224-e1677232515667.jpg","author_info":{"display_name":"Redazione","author_link":"https:\/\/www.messinaoggi.it\/website\/author\/redazione\/"},"digistream_id":0,"digistream":false,"_links":{"self":[{"href":"https:\/\/www.messinaoggi.it\/website\/wp-json\/wp\/v2\/posts\/150064"}],"collection":[{"href":"https:\/\/www.messinaoggi.it\/website\/wp-json\/wp\/v2\/posts"}],"about":[{"href":"https:\/\/www.messinaoggi.it\/website\/wp-json\/wp\/v2\/types\/post"}],"author":[{"embeddable":true,"href":"https:\/\/www.messinaoggi.it\/website\/wp-json\/wp\/v2\/users\/2"}],"replies":[{"embeddable":true,"href":"https:\/\/www.messinaoggi.it\/website\/wp-json\/wp\/v2\/comments?post=150064"}],"version-history":[{"count":1,"href":"https:\/\/www.messinaoggi.it\/website\/wp-json\/wp\/v2\/posts\/150064\/revisions"}],"predecessor-version":[{"id":150065,"href":"https:\/\/www.messinaoggi.it\/website\/wp-json\/wp\/v2\/posts\/150064\/revisions\/150065"}],"wp:featuredmedia":[{"embeddable":true,"href":"https:\/\/www.messinaoggi.it\/website\/wp-json\/wp\/v2\/media\/143433"}],"wp:attachment":[{"href":"https:\/\/www.messinaoggi.it\/website\/wp-json\/wp\/v2\/media?parent=150064"}],"wp:term":[{"taxonomy":"category","embeddable":true,"href":"https:\/\/www.messinaoggi.it\/website\/wp-json\/wp\/v2\/categories?post=150064"},{"taxonomy":"post_tag","embeddable":true,"href":"https:\/\/www.messinaoggi.it\/website\/wp-json\/wp\/v2\/tags?post=150064"}],"curies":[{"name":"wp","href":"https:\/\/api.w.org\/{rel}","templated":true}]}}