{"id":150054,"date":"2023-04-07T08:28:02","date_gmt":"2023-04-07T06:28:02","guid":{"rendered":"http:\/\/www.messinaoggi.it\/website\/?p=150054"},"modified":"2023-04-07T08:28:04","modified_gmt":"2023-04-07T06:28:04","slug":"esclusivo-ponte-dove-e-quando-apriranno-i-cantieri","status":"publish","type":"post","link":"https:\/\/www.messinaoggi.it\/website\/2023\/04\/07\/esclusivo-ponte-dove-e-quando-apriranno-i-cantieri\/","title":{"rendered":"ESCLUSIVO. Ponte: dove e quando apriranno i cantieri"},"content":{"rendered":"\n<p><strong><span class=\"has-inline-color has-vivid-cyan-blue-color\">&#8220;Una finestra sul Ponte&#8221;: torna la rubrica del venerd\u00ec dedicata al Ponte sullo Stretto di Messina. Oggi ci occuperemo dei cantieri mediante la descrizione dei luoghi e soprattutto l&#8217;illustrazione del cronoprogramma.<\/span><\/strong><div id=\"div-gpt-ad-Messinaoggi.it-DSK-300x250-corpoart\" style=\"text-align:center;margin:0 auto;\"><\/div><\/p>\n\n\n\n<p><strong><em><span class=\"has-inline-color has-black-color\">Articolo a cura dell&#8217;ing. Peppe Palamara<\/span><\/em><\/strong><div id=\"videoincontent\" style=\"clear:both\";><\/div><\/p>\n\n\n\n<p>In questo articolo cercheremo di fare chiarezza su quelli che sono i tempi previsti per l\u2019esecuzione dell\u2019opera pendendo spunto dal cronoprogramma del progetto definitivo che, come abbiamo gi\u00e0 spiegato nel <a href=\"https:\/\/www.messinaoggi.it\/website\/2023\/03\/31\/esclusivo-ponte-sullo-stretto-le-aree-da-espropriare\/\">nostro precedente articolo<\/a>, \u00e8 gi\u00e0 stato cantierato il 23 dicembre 2009 con la variante di Cannitello. Infatti preliminarmente giova precisare che il <em>\u201cmilestone\u201d<\/em> (Il termine milestone viene tipicamente utilizzato nella pianificazione e gestione di\u00a0<a href=\"https:\/\/it.wikipedia.org\/wiki\/Progetto\">progetti<\/a>\u00a0complessi per indicare il raggiungimento di obiettivi stabiliti in fase di definizione del progetto stesso), era dunque in massima parte gi\u00e0 avviato.<\/p>\n\n\n\n<figure class=\"wp-block-image size-large is-resized\"><img loading=\"lazy\" src=\"http:\/\/www.messinaoggi.it\/website\/wp-content\/uploads\/2023\/04\/e26a89e2-3e17-4e94-9dd1-df7fadf80ef3.jpg\" alt=\"\" class=\"wp-image-150059\" width=\"580\" height=\"305\" srcset=\"https:\/\/www.messinaoggi.it\/website\/wp-content\/uploads\/2023\/04\/e26a89e2-3e17-4e94-9dd1-df7fadf80ef3.jpg 310w, https:\/\/www.messinaoggi.it\/website\/wp-content\/uploads\/2023\/04\/e26a89e2-3e17-4e94-9dd1-df7fadf80ef3-300x158.jpg 300w\" sizes=\"(max-width: 580px) 100vw, 580px\" \/><figcaption><strong>Pietro Salini, CEO di WeBuild<\/strong><\/figcaption><\/figure>\n\n\n\n<p>Per questo <strong>Pietro Salini<\/strong>, CEO di <strong>WeBuild<\/strong> l\u2019impresa mandante, gi\u00e0 Salini Impregilo, gruppo gi\u00e0 a capo di Eurolink, aggiudicataria dell\u2019appalto, ha sempre detto che il Ponte sullo stretto di Messina \u00e8 pronto a farlo <strong>subito<\/strong>, per questo \u00e8 disposto a rinunciare ai 700 milioni di penale che gli spetterebbero per avere Mario Monti cassato il progetto nell\u2019ormai lontano 2011.<\/p>\n\n\n\n<figure class=\"wp-block-image size-large is-resized\"><img loading=\"lazy\" src=\"http:\/\/www.messinaoggi.it\/website\/wp-content\/uploads\/2023\/04\/unnamed-2-537x1024.jpg\" alt=\"\" class=\"wp-image-150062\" width=\"578\" height=\"1102\" srcset=\"https:\/\/www.messinaoggi.it\/website\/wp-content\/uploads\/2023\/04\/unnamed-2-537x1024.jpg 537w, https:\/\/www.messinaoggi.it\/website\/wp-content\/uploads\/2023\/04\/unnamed-2-157x300.jpg 157w, https:\/\/www.messinaoggi.it\/website\/wp-content\/uploads\/2023\/04\/unnamed-2-768x1465.jpg 768w, https:\/\/www.messinaoggi.it\/website\/wp-content\/uploads\/2023\/04\/unnamed-2-805x1536.jpg 805w, https:\/\/www.messinaoggi.it\/website\/wp-content\/uploads\/2023\/04\/unnamed-2.jpg 839w\" sizes=\"(max-width: 578px) 100vw, 578px\" \/><figcaption><strong>L&#8217;elaborazione del cronoprogramma dei cantieri<\/strong><\/figcaption><\/figure>\n\n\n\n<p>Abbiamo elaborato il Cronoprogramma dei lavori previsto nel progetto definitivo (tavola GE0037 vedi mascherina originale in figura 2) e successivamente per essa abbiamo semplicemente effettuato uno slittamento di 13 anni, ovvero ponendo il 2 dicembre 2011 = 2 dicembre 2024 e cio\u00e8 un mese dopo la bocciatura del Governo Monti e 5 mesi dopo la data limite fissata dal DL ponte recentemente pubblicato sulla Gazzetta ufficiale. In pratica si \u00e8 sempre detto che il ponte si completerebbe in sei anni e questo \u00e8 vero e risulta dal cronoprogramma, ma giova ricordare, e questo si evince bene leggendo con pi\u00f9 attenzione il cronoprogramma, che il progetto va esaminato in pi\u00f9 fasi, anche perch\u00e9 l\u2019opera non \u00e8 solo il ponte, ma tutte le opere per le infrastrutture ad esso connesse sulle due coste, le opere di mitigazione, di compensazione. In pratica i sei anni si riferiscono alla \u201cfase costruttiva\u201d nel suo insieme la quale, come si vede dal cronoprogramma, inizierebbe l\u201911 agosto 2025\u00a0 e sarebbe terminata il <strong>31 ottobre 2031<\/strong> e si pu\u00f2 dunque dire che quest\u2019ultima data \u00e8 quella che vedr\u00e0 il primo treno e la prima auto, entrambi simbolicamente saranno elettrici, transitare sull\u2019opera pi\u00f9 maestosa mai reliazzata sul pianeta sino a quel momento.<\/p>\n\n\n\n<figure class=\"wp-block-image size-large\"><img loading=\"lazy\" width=\"558\" height=\"905\" src=\"http:\/\/www.messinaoggi.it\/website\/wp-content\/uploads\/2023\/04\/0-4-2.jpg\" alt=\"\" class=\"wp-image-150056\" srcset=\"https:\/\/www.messinaoggi.it\/website\/wp-content\/uploads\/2023\/04\/0-4-2.jpg 558w, https:\/\/www.messinaoggi.it\/website\/wp-content\/uploads\/2023\/04\/0-4-2-185x300.jpg 185w\" sizes=\"(max-width: 558px) 100vw, 558px\" \/><figcaption><strong>Il cronoprogramma originario<\/strong><\/figcaption><\/figure>\n\n\n\n<p>Torniamo per un attimo all\u2019impresa WeBuild ed a Pietro Salini che ha pi\u00f9 volte detto: <em>\u00abNoi i ponti li sappiamo fare!\u00bb<\/em> Ma cosa c\u2019\u00e8 di vero in questa affermazione. Vero \u00e8 che nel 2016 e nel 2022 l\u2019impresa italiana di eccellenza mondiale, attualmente impegnata in Italia nel <a href=\"https:\/\/terzovalico.webuildgroup.com\/it\">terzo valico<\/a> ed esecutrice in tempi da record del ponte Morandi, ha realizzato entrambi in Turchia, con la consociata Astaldi, non uno\u00a0 ma ben due ponti da record mondiale: il ponte con binario ferroviario pi\u00f9 lungo del mondo (1.404 m) lo <a href=\"https:\/\/en.wikipedia.org\/wiki\/Yavuz_Sultan_Selim_Bridge\">Yavuz Sultan Selim Bridge<\/a> (nella figura 5 il confronto tra il suo impalcato e quello del ponte sullo Stretto) e il ponte sospeso con la campata pi\u00f9 lunga del mondo (2.023 m) il <a href=\"https:\/\/en.wikipedia.org\/wiki\/1915_%C3%87anakkale_Bridge\">1915 \u00c7anakkale Bridge<\/a> (nella figura 6 un confronto tra la sua sezione longitudinale e quella del ponte sullo Stretto di Messina).<\/p>\n\n\n\n<figure class=\"wp-block-image size-large is-resized\"><img loading=\"lazy\" src=\"http:\/\/www.messinaoggi.it\/website\/wp-content\/uploads\/2023\/04\/0-1-5.jpg\" alt=\"\" class=\"wp-image-150060\" width=\"576\" height=\"742\" srcset=\"https:\/\/www.messinaoggi.it\/website\/wp-content\/uploads\/2023\/04\/0-1-5.jpg 442w, https:\/\/www.messinaoggi.it\/website\/wp-content\/uploads\/2023\/04\/0-1-5-233x300.jpg 233w\" sizes=\"(max-width: 576px) 100vw, 576px\" \/><figcaption><strong>Confronto tra le sezioni degli impalcati dell\u2019attuale ponte ferroviario pi\u00f9 lungo del mondo e il Messina Bridge che batter\u00e0 questo record.<\/strong><br><\/figcaption><\/figure>\n\n\n\n<p>In ultimo due parole sulla conferenza stampa del ministro alle infrastrutture <strong>Matteo Salvini<\/strong> per la stampa estera lo scorso 4 aprile. 13 minuti in cui ha parlato del ponte sullo Stretto, ha raccontato l\u2019iter, ha dato lumi sulla sua fattibilit\u00e0 ed utilit\u00e0 e ne ha snocciolato anche gli aspetti tecnici, a parte il ridondante errorino veniale che fa per adesso (l\u2019altezza navigabile del ponte \u00e8 74 m, i 65 m di cui parla sempre sono la minima navigabile), \u00e8 stato sorprendentemente quasi perfetto. Era dai tempi del compianto Altero Matteoli, e cio\u00e8 dal 2011, che l\u2019Italia non aveva un ministro delle infrastrutture cos\u00ec determinato.<\/p>\n\n\n\n<p><\/p>\n","protected":false},"excerpt":{"rendered":"<p>&#8220;Una finestra sul Ponte&#8221;: torna la rubrica del venerd\u00ec dedicata al Ponte sullo Stretto di Messina. Oggi ci occuperemo dei cantieri mediante la descrizione dei luoghi e soprattutto l&#8217;illustrazione del cronoprogramma. Articolo a cura dell&#8217;ing. Peppe Palamara In questo articolo cercheremo di fare chiarezza su quelli che sono i tempi previsti per l\u2019esecuzione dell\u2019opera pendendo [&hellip;]<\/p>\n","protected":false},"author":2,"featured_media":150057,"comment_status":"open","ping_status":"open","sticky":false,"template":"","format":"standard","meta":{"ub_ctt_via":"","_mi_skip_tracking":false},"categories":[19],"tags":[3280,7356,1036,7298,7358],"featured_image_src":"https:\/\/www.messinaoggi.it\/website\/wp-content\/uploads\/2023\/04\/0-3-1.jpg","author_info":{"display_name":"Redazione","author_link":"https:\/\/www.messinaoggi.it\/website\/author\/redazione\/"},"digistream_id":0,"digistream":false,"_links":{"self":[{"href":"https:\/\/www.messinaoggi.it\/website\/wp-json\/wp\/v2\/posts\/150054"}],"collection":[{"href":"https:\/\/www.messinaoggi.it\/website\/wp-json\/wp\/v2\/posts"}],"about":[{"href":"https:\/\/www.messinaoggi.it\/website\/wp-json\/wp\/v2\/types\/post"}],"author":[{"embeddable":true,"href":"https:\/\/www.messinaoggi.it\/website\/wp-json\/wp\/v2\/users\/2"}],"replies":[{"embeddable":true,"href":"https:\/\/www.messinaoggi.it\/website\/wp-json\/wp\/v2\/comments?post=150054"}],"version-history":[{"count":1,"href":"https:\/\/www.messinaoggi.it\/website\/wp-json\/wp\/v2\/posts\/150054\/revisions"}],"predecessor-version":[{"id":150063,"href":"https:\/\/www.messinaoggi.it\/website\/wp-json\/wp\/v2\/posts\/150054\/revisions\/150063"}],"wp:featuredmedia":[{"embeddable":true,"href":"https:\/\/www.messinaoggi.it\/website\/wp-json\/wp\/v2\/media\/150057"}],"wp:attachment":[{"href":"https:\/\/www.messinaoggi.it\/website\/wp-json\/wp\/v2\/media?parent=150054"}],"wp:term":[{"taxonomy":"category","embeddable":true,"href":"https:\/\/www.messinaoggi.it\/website\/wp-json\/wp\/v2\/categories?post=150054"},{"taxonomy":"post_tag","embeddable":true,"href":"https:\/\/www.messinaoggi.it\/website\/wp-json\/wp\/v2\/tags?post=150054"}],"curies":[{"name":"wp","href":"https:\/\/api.w.org\/{rel}","templated":true}]}}