{"id":14998,"date":"2018-01-31T06:45:33","date_gmt":"2018-01-31T05:45:33","guid":{"rendered":"http:\/\/www.messinaoggi.it\/website\/?p=14998"},"modified":"2018-01-31T06:45:33","modified_gmt":"2018-01-31T05:45:33","slug":"autorita-portuale-genovese-mi-aspetto-un-atto-di-forza-del-governo-regionale","status":"publish","type":"post","link":"https:\/\/www.messinaoggi.it\/website\/2018\/01\/31\/autorita-portuale-genovese-mi-aspetto-un-atto-di-forza-del-governo-regionale\/","title":{"rendered":"Autorit\u00e0 Portuale, Genovese: &quot;Mi aspetto un atto di forza del Governo regionale&quot;"},"content":{"rendered":"<p>La deputazione messinese fa quadrato per scongiurare l\u2019accorpamento dell\u2019Autorit\u00e0 Portuale di Messina con quella di Gioia Tauro, cos\u00ec il Governatore Nelle Musumeci \u00e8 pronto a perorare\u00a0 questa causa. Il Presidente della Regione porter\u00e0 questa istanza al Ministro, Graziano Delrio, ma intanto l\u2019onorevole, Luigi Genovese ribadisce i motivi del proprio s\u00ec ad un\u2019Authority Autonoma: <em>\u201cL&#8217;integrazione, da alcuni etichettata come &#8220;naturale&#8221;, tra l&#8217;Autorit\u00e0 Portuale di Messina\/Milazzo e quella di Gioia Tauro sarebbe una soluzione infausta, i cui effetti nocivi ricadrebbero quasi esclusivamente sulle due realt\u00e0 siciliane, che ne uscirebbero chiaramente depotenziate. L&#8217;accorpamento inciderebbe pesantemente sui livelli di autonomia gestionale dei porti di Messina e Milazzo: non vi \u00e8 alcun motivo per sostenere questa soluzione, anche perch\u00e9 non possono passare inosservati gli elementi di evidente criticit\u00e0 che riguardano un porto, quello di Gioia Tauro, notoriamente in crisi e a rischio chiusura\u201d<\/em>.<br \/>\nGenovese auspica un atto di forza del Governo regionale: <em>\u201cAdesso mi aspetto che l&#8217;esecutivo regionale riesca, una volta per tutte, a scongiurare l&#8217;ipotesi di un accorpamento che mortificherebbe il nostro territorio e la sua identit\u00e0. Al presidente regionale ho presentato un documento per esprimere, nel caso in cui non vi fossero le condizioni per l&#8217;istituzione dell&#8217;Autorit\u00e0 Portuale dello Stretto, una posizione che predilige l&#8217;ipotesi della nascita di un&#8217;Autorit\u00e0 di sistema portuale della Sicilia orientale. Il progetto si sostanzierebbe nell&#8217;integrazione, all&#8217;interno di un unico organismo gestionale, dei porti di Messina e Milazzo con quelli di Catania ed Augusta. Da queste infrastrutture portuali transita la maggior parte delle merci destinate alla Sicilia orientale, toccando tre realt\u00e0 che gi\u00e0 oggi, nonostante non vi sia al momento una regia centralizzata, svolgono funzioni ben distinte ma assolutamente complementari. Un&#8217;Autorit\u00e0 Portuale con queste caratteristiche creerebbe un unico flusso centralizzato, dal Canale di Sicilia al Tirreno Meridionale. Per quanto concerne la sede centrale di questo organismo, sarebbe bene prevedere una rotazione biennale tra le sedi delle tre Autorit\u00e0 coinvolte, per eliminare sul nascere qualsiasi possibile forma di insensato campanilismo\u201d.<\/em><div id=\"div-gpt-ad-Messinaoggi.it-DSK-300x250-corpoart\" style=\"text-align:center;margin:0 auto;\"><\/div><\/p>\n<div id=\"videoincontent\" style=\"clear:both\";><\/div>","protected":false},"excerpt":{"rendered":"<p>La deputazione messinese fa quadrato per scongiurare l\u2019accorpamento dell\u2019Autorit\u00e0 Portuale di Messina con quella di Gioia Tauro, cos\u00ec il Governatore Nelle Musumeci \u00e8 pronto a perorare\u00a0 questa causa. Il Presidente della Regione porter\u00e0 questa istanza al Ministro, Graziano Delrio, ma intanto l\u2019onorevole, Luigi Genovese ribadisce i motivi del proprio s\u00ec ad un\u2019Authority Autonoma: \u201cL&#8217;integrazione, da [&hellip;]<\/p>\n","protected":false},"author":2,"featured_media":8220,"comment_status":"closed","ping_status":"open","sticky":false,"template":"","format":"standard","meta":{"ub_ctt_via":"","_mi_skip_tracking":false},"categories":[6],"tags":[],"featured_image_src":"https:\/\/www.messinaoggi.it\/website\/wp-content\/uploads\/2017\/09\/L-genovese-palaculturaRRP_7478-2.jpg","author_info":{"display_name":"Redazione","author_link":"https:\/\/www.messinaoggi.it\/website\/author\/redazione\/"},"digistream_id":0,"digistream":false,"_links":{"self":[{"href":"https:\/\/www.messinaoggi.it\/website\/wp-json\/wp\/v2\/posts\/14998"}],"collection":[{"href":"https:\/\/www.messinaoggi.it\/website\/wp-json\/wp\/v2\/posts"}],"about":[{"href":"https:\/\/www.messinaoggi.it\/website\/wp-json\/wp\/v2\/types\/post"}],"author":[{"embeddable":true,"href":"https:\/\/www.messinaoggi.it\/website\/wp-json\/wp\/v2\/users\/2"}],"replies":[{"embeddable":true,"href":"https:\/\/www.messinaoggi.it\/website\/wp-json\/wp\/v2\/comments?post=14998"}],"version-history":[{"count":0,"href":"https:\/\/www.messinaoggi.it\/website\/wp-json\/wp\/v2\/posts\/14998\/revisions"}],"wp:featuredmedia":[{"embeddable":true,"href":"https:\/\/www.messinaoggi.it\/website\/wp-json\/wp\/v2\/media\/8220"}],"wp:attachment":[{"href":"https:\/\/www.messinaoggi.it\/website\/wp-json\/wp\/v2\/media?parent=14998"}],"wp:term":[{"taxonomy":"category","embeddable":true,"href":"https:\/\/www.messinaoggi.it\/website\/wp-json\/wp\/v2\/categories?post=14998"},{"taxonomy":"post_tag","embeddable":true,"href":"https:\/\/www.messinaoggi.it\/website\/wp-json\/wp\/v2\/tags?post=14998"}],"curies":[{"name":"wp","href":"https:\/\/api.w.org\/{rel}","templated":true}]}}