{"id":149973,"date":"2023-04-06T17:07:51","date_gmt":"2023-04-06T15:07:51","guid":{"rendered":"https:\/\/www.messinaoggi.it\/website\/2023\/04\/06\/cori-razzisti-contro-lukaku-curva-juve-chiusa-per-un-turno\/"},"modified":"2023-04-06T20:23:44","modified_gmt":"2023-04-06T18:23:44","slug":"cori-razzisti-contro-lukaku-curva-juve-chiusa-per-un-turno","status":"publish","type":"post","link":"https:\/\/www.messinaoggi.it\/website\/2023\/04\/06\/cori-razzisti-contro-lukaku-curva-juve-chiusa-per-un-turno\/","title":{"rendered":"Cori razzisti contro Lukaku, curva Juve chiusa per un turno"},"content":{"rendered":"<div>MILANO (ITALPRESS) &#8211; Curva della Juventus chiusa per una partita, tre giornate a Juan Cuadrado, una a testa per Samir Handanovic e Romelu Lukaku. Non ci \u00e8 andato leggero il giudice sportivo Alessandro Zampone, in merito a quanto successo nella semifinale d&#8217;andata di marted\u00ec all&#8217;Allianz Stadium. La societ\u00e0 bianconera dovr\u00e0 una gara con il settore denominato &#8220;Tribuna Sud&#8221;, primo anello, privo di spettatori. I collaboratori della Procura federale, si legge nel dispositivo, hanno segnalato che &#8220;i sostenitori della Juventus occupanti il primo anello del settore denominato &#8216;Tribuna Sud&#8217; levavano, al 35\u00b0 ed al 49\u00b0 del secondo tempo, beceri e insultanti cori e grida di discriminazione razziale&#8221; nei confronti di Lukaku. &#8220;Tali gravi manifestazioni di discriminazione razziale, percepite da tutti e tre i rappresentanti della Procura federale dislocati nelle varie parti dell&#8217;impianto, provenivano dalla maggioranza dei 5.034 occupanti il predetto settore&#8221;, fa sapere ancora il giudice sportivo. Per quanto riguarda la rissa in campo, Cuadrado &#8211; oltre a un turno perch\u00e8 diffidato e ammonito &#8211; viene sanzionato con altre due giornate perch\u00e8, &#8220;al termine della partita, a seguito di un diverbio con un calciatore della squadra avversaria, lo strattonava vigorosamente cingendogli le mani al collo e indirizzandogli un pugno al volto (atto, quest&#8217;ultimo, rilevato dai collaboratori della Procura federale); veniva diviso a forza dal giocatore avversario grazie all&#8217;intervento di alcuni compagni di squadra&#8221;. Per il colombiano anche 10 mila euro di ammenda cos\u00ec come per Handanovic, protagonista della lite con lo stesso Cuadrado e sanzionato con un turno perch\u00e8 &#8220;lo strattonava vigorosamente cingendogli le mani al collo; veniva diviso a forza dal giocatore avversario grazie all&#8217;intervento di alcuni compagni di squadra&#8221;. Espulso per doppia ammonizione, anche Lukaku salter\u00e0 il ritorno, ammenda di 20.000 euro al dirigente nerazzurro Baccin &#8220;perch\u00e8 al termine della gara, bench\u00e8 non inserito in distinta, faceva ingresso sul terreno di gioco nel tentativo di raggiungere il direttore di gara; bloccato grazie all&#8217;intervento di alcuni dirigenti della societ\u00e0 Internazionale, rivolgeva al direttore di gara ripetute espressioni gravemente offensive e ingiuriose&#8221;.<br \/>&#8211; foto LivePhotoSport &#8211; <br \/>(ITALPRESS).<\/div>\n<div id=\"div-gpt-ad-Messinaoggi.it-DSK-300x250-corpoart\" style=\"text-align:center;margin:0 auto;\"><\/div><\/p><div id=\"videoincontent\" style=\"clear:both\";><\/div>","protected":false},"excerpt":{"rendered":"<p>MILANO (ITALPRESS) &#8211; Curva della Juventus chiusa per una partita, tre giornate a Juan Cuadrado, una a testa per Samir Handanovic e Romelu Lukaku. Non ci \u00e8 andato leggero il giudice sportivo Alessandro Zampone, in merito a quanto successo nella semifinale d&#8217;andata di marted\u00ec all&#8217;Allianz Stadium. La societ\u00e0 bianconera dovr\u00e0 una gara con il settore [&hellip;]<\/p>\n","protected":false},"author":18,"featured_media":149974,"comment_status":"closed","ping_status":"closed","sticky":false,"template":"","format":"standard","meta":{"ub_ctt_via":"","_mi_skip_tracking":false},"categories":[10,446,9],"tags":[783],"featured_image_src":"https:\/\/www.messinaoggi.it\/website\/wp-content\/uploads\/2023\/04\/20230406_1729.jpg","author_info":{"display_name":"Admin","author_link":"https:\/\/www.messinaoggi.it\/website\/author\/admin\/"},"digistream_id":0,"digistream":false,"_links":{"self":[{"href":"https:\/\/www.messinaoggi.it\/website\/wp-json\/wp\/v2\/posts\/149973"}],"collection":[{"href":"https:\/\/www.messinaoggi.it\/website\/wp-json\/wp\/v2\/posts"}],"about":[{"href":"https:\/\/www.messinaoggi.it\/website\/wp-json\/wp\/v2\/types\/post"}],"author":[{"embeddable":true,"href":"https:\/\/www.messinaoggi.it\/website\/wp-json\/wp\/v2\/users\/18"}],"replies":[{"embeddable":true,"href":"https:\/\/www.messinaoggi.it\/website\/wp-json\/wp\/v2\/comments?post=149973"}],"version-history":[{"count":1,"href":"https:\/\/www.messinaoggi.it\/website\/wp-json\/wp\/v2\/posts\/149973\/revisions"}],"predecessor-version":[{"id":150015,"href":"https:\/\/www.messinaoggi.it\/website\/wp-json\/wp\/v2\/posts\/149973\/revisions\/150015"}],"wp:featuredmedia":[{"embeddable":true,"href":"https:\/\/www.messinaoggi.it\/website\/wp-json\/wp\/v2\/media\/149974"}],"wp:attachment":[{"href":"https:\/\/www.messinaoggi.it\/website\/wp-json\/wp\/v2\/media?parent=149973"}],"wp:term":[{"taxonomy":"category","embeddable":true,"href":"https:\/\/www.messinaoggi.it\/website\/wp-json\/wp\/v2\/categories?post=149973"},{"taxonomy":"post_tag","embeddable":true,"href":"https:\/\/www.messinaoggi.it\/website\/wp-json\/wp\/v2\/tags?post=149973"}],"curies":[{"name":"wp","href":"https:\/\/api.w.org\/{rel}","templated":true}]}}