{"id":14997,"date":"2018-01-31T07:30:30","date_gmt":"2018-01-31T06:30:30","guid":{"rendered":"http:\/\/www.messinaoggi.it\/website\/?p=14997"},"modified":"2018-01-31T07:30:30","modified_gmt":"2018-01-31T06:30:30","slug":"castelmola-teme-gli-incendi-estivi-intervenga-la-regione","status":"publish","type":"post","link":"https:\/\/www.messinaoggi.it\/website\/2018\/01\/31\/castelmola-teme-gli-incendi-estivi-intervenga-la-regione\/","title":{"rendered":"Castelmola teme gli incendi estivi, intervenga la Regione"},"content":{"rendered":"<p>Si \u00e8 riunito il gruppo civico \u201cStop fuoco &amp; fango\u201d. All&#8217;incontro erano presenti, oltre al presidente del Consiglio comunale, Massimiliano Pizzolo, il dirigente dell\u2019Ufficio tecnico e la segretaria del Comune di Castelmola, il vice sindaco Andrea Raneri del Comune di Taormina insieme alla consigliera avv. Longo, il presidente del Comidi, Giuseppe Sterrantino ed i sostenitori del gruppo civico che hanno fatto il punto sul tema incendi.<br \/>\n&#8220;L\u2019inverno secco &#8211; scrivono Gabriella, Veronica e Jenny Gullotta del gruppo Civico\u00a0 &#8220;Stop fuoco &amp; fango&#8221; non fa che acuire le preoccupazioni di chi sul tema incendi ad oggi nota un lassismo inqualificabile.<br \/>\nIl Comune di Castelmola per affrontare questo problema ha approvato una delibera in cui chiede alla Regione un incontro con tutti gli organi che a vario titolo dovranno occuparsi dell&#8217;emergenza e prevenzione incendi. Identica mozione \u00e8 stata presentata e approvata dal Comune di Giardini e Riposto, il Comune di Taormina ad oggi non l\u2019ha ancora approvata.<br \/>\nInoltre il Comune di Castelmola ha presentato un progetto per la pulizia delle strade mediante l\u2019utilizzo di assegni civici.<br \/>\nSi rileva il completo disinteresse sul tema da parte di tutti i presidenti dei consigli comunali siciliani che sembrano non mostrare alcuna sensibilit\u00e0 su un tema che ha occupato quasi tutti i telegiornali delle calde serate estive. Si continua a chiedere con insistenza un maggiore impegno da parte della Regione e di tutti i consigli comunali al fine di organizzare per tempo un piano di prevenzione incendi.<br \/>\nNon vorremmo ritrovarci nuovamente in emergenza ma di certo se ci\u00f2 avverr\u00e0 si chieder\u00e0 l&#8217;accertamento delle responsabilit\u00e0 di chi oggi non sta vigilando e nulla sta facendo per evitare i roghi!&#8217;Adottate le ordinanze ed aggiornato il catasto incendi \u00e8 indispensabile garantire a livello regionale, nazionale e comunale un maggiore controllo e l&#8217;applicazione delle sanzioni a chi non mantiene i propri terreni in condizioni di sicurezza contro gli incendi.<br \/>\nSi chiede ai vigili del fuoco ed alla forestale di aggiornare le mappe in maniera tale che quando vengono chiamati siano in grado di localizzare ed intervenire prontamente.<br \/>\nSi insiste nella richiesta di un servizio di vedetta incendi che permetterebbe interventi di spegnimento immediati oltre alla necessit\u00e0 di organizzare e se necessario, intensificare, le forze in campo&#8221;.<div id=\"div-gpt-ad-Messinaoggi.it-DSK-300x250-corpoart\" style=\"text-align:center;margin:0 auto;\"><\/div><\/p>\n<div id=\"videoincontent\" style=\"clear:both\";><\/div>","protected":false},"excerpt":{"rendered":"<p>Si \u00e8 riunito il gruppo civico \u201cStop fuoco &amp; fango\u201d. All&#8217;incontro erano presenti, oltre al presidente del Consiglio comunale, Massimiliano Pizzolo, il dirigente dell\u2019Ufficio tecnico e la segretaria del Comune di Castelmola, il vice sindaco Andrea Raneri del Comune di Taormina insieme alla consigliera avv. Longo, il presidente del Comidi, Giuseppe Sterrantino ed i sostenitori [&hellip;]<\/p>\n","protected":false},"author":2,"featured_media":2179,"comment_status":"closed","ping_status":"open","sticky":false,"template":"","format":"standard","meta":{"ub_ctt_via":"","_mi_skip_tracking":false},"categories":[3],"tags":[],"featured_image_src":"https:\/\/www.messinaoggi.it\/website\/wp-content\/uploads\/2017\/06\/Castelmola-2.jpg","author_info":{"display_name":"Redazione","author_link":"https:\/\/www.messinaoggi.it\/website\/author\/redazione\/"},"digistream_id":0,"digistream":false,"_links":{"self":[{"href":"https:\/\/www.messinaoggi.it\/website\/wp-json\/wp\/v2\/posts\/14997"}],"collection":[{"href":"https:\/\/www.messinaoggi.it\/website\/wp-json\/wp\/v2\/posts"}],"about":[{"href":"https:\/\/www.messinaoggi.it\/website\/wp-json\/wp\/v2\/types\/post"}],"author":[{"embeddable":true,"href":"https:\/\/www.messinaoggi.it\/website\/wp-json\/wp\/v2\/users\/2"}],"replies":[{"embeddable":true,"href":"https:\/\/www.messinaoggi.it\/website\/wp-json\/wp\/v2\/comments?post=14997"}],"version-history":[{"count":0,"href":"https:\/\/www.messinaoggi.it\/website\/wp-json\/wp\/v2\/posts\/14997\/revisions"}],"wp:featuredmedia":[{"embeddable":true,"href":"https:\/\/www.messinaoggi.it\/website\/wp-json\/wp\/v2\/media\/2179"}],"wp:attachment":[{"href":"https:\/\/www.messinaoggi.it\/website\/wp-json\/wp\/v2\/media?parent=14997"}],"wp:term":[{"taxonomy":"category","embeddable":true,"href":"https:\/\/www.messinaoggi.it\/website\/wp-json\/wp\/v2\/categories?post=14997"},{"taxonomy":"post_tag","embeddable":true,"href":"https:\/\/www.messinaoggi.it\/website\/wp-json\/wp\/v2\/tags?post=14997"}],"curies":[{"name":"wp","href":"https:\/\/api.w.org\/{rel}","templated":true}]}}