{"id":149939,"date":"2023-04-06T14:39:12","date_gmt":"2023-04-06T12:39:12","guid":{"rendered":"http:\/\/www.messinaoggi.it\/website\/?p=149939"},"modified":"2023-04-06T15:37:57","modified_gmt":"2023-04-06T13:37:57","slug":"forestame-la-svolta-green-di-messina","status":"publish","type":"post","link":"https:\/\/www.messinaoggi.it\/website\/2023\/04\/06\/forestame-la-svolta-green-di-messina\/","title":{"rendered":"&#8220;ForestaMe&#8221;: la svolta &#8220;green&#8221; di Messina"},"content":{"rendered":"\n<p>Poco meno di 545mila metri quadrati di aree a verde. Cambia il volto di Messina: \u00e8 la svolta green della citt\u00e0. Presentato questa mattina il progetto &#8220;ForestaMe&#8221;, voluto da Palazzo Zanca per trasformare la citt\u00e0 dello Stretto. Farla diventare &#8220;green&#8221;.<div id=\"div-gpt-ad-Messinaoggi.it-DSK-300x250-corpoart\" style=\"text-align:center;margin:0 auto;\"><\/div><\/p>\n\n\n\n<p>La presentazione s&#8217;\u00e8 tenuta al Parco Aldo Moro, una struttura simbolo di quello che si preannuncia essere la svolta &#8220;verde&#8221; di Messina. <div id=\"videoincontent\" style=\"clear:both\";><\/div><\/p>\n\n\n\n<p>Affidati i lavori per quasi 8 milioni di euro per un progetto che riguarda tutta la citt\u00e0, comprese zone fragili come Giampilieri, zona colpita da una tragica alluvione. Verde ovunque, dal centro alle periferie, passando per i &#8220;pericolosi&#8221; viali. Come Gazzi. Lo ha sottolineato il direttore dei lavori, l&#8217;architetto Carmelo Celona, che avr\u00e0 il compito di gestire la messa in opera di un progetto rivoluzionario.<\/p>\n\n\n\n<figure class=\"wp-block-image size-large\"><img loading=\"lazy\" width=\"1024\" height=\"768\" src=\"http:\/\/www.messinaoggi.it\/website\/wp-content\/uploads\/2023\/04\/0-5-1024x768.jpg\" alt=\"\" class=\"wp-image-149942\" srcset=\"https:\/\/www.messinaoggi.it\/website\/wp-content\/uploads\/2023\/04\/0-5-1024x768.jpg 1024w, https:\/\/www.messinaoggi.it\/website\/wp-content\/uploads\/2023\/04\/0-5-300x225.jpg 300w, https:\/\/www.messinaoggi.it\/website\/wp-content\/uploads\/2023\/04\/0-5-768x576.jpg 768w, https:\/\/www.messinaoggi.it\/website\/wp-content\/uploads\/2023\/04\/0-5.jpg 1207w\" sizes=\"(max-width: 1024px) 100vw, 1024px\" \/><figcaption><strong>La svolta &#8220;green&#8221; di Messina<\/strong><\/figcaption><\/figure>\n\n\n\n<p>A sottolineare la bont\u00e0 del progetto, il sindaco Federico Basile, il quale non ha nascosto un pizzico di orgoglio per avere rimesso in pista un progetto che si era arenato. Entro 120 giorni, come annunciato in conferenza stampa, saranno avviati i lavori. &#8220;Presto &#8211; ha detto Basile &#8211; apriremo nuovi cantieri. Ma vi assicuro che il risultato sar\u00e0 eccellente. Non solo verde, quindi alberi che faranno respirare la nostra citt\u00e0, ma anche strumenti di difesa del nostro territorio che sar\u00e0 pi\u00f9 permeabile alle precipitazioni&#8221;.<\/p>\n\n\n\n<figure class=\"wp-block-image size-large\"><img loading=\"lazy\" width=\"1024\" height=\"768\" src=\"http:\/\/www.messinaoggi.it\/website\/wp-content\/uploads\/2023\/04\/0-1-4-1024x768.jpg\" alt=\"\" class=\"wp-image-149940\" srcset=\"https:\/\/www.messinaoggi.it\/website\/wp-content\/uploads\/2023\/04\/0-1-4-1024x768.jpg 1024w, https:\/\/www.messinaoggi.it\/website\/wp-content\/uploads\/2023\/04\/0-1-4-300x225.jpg 300w, https:\/\/www.messinaoggi.it\/website\/wp-content\/uploads\/2023\/04\/0-1-4-768x576.jpg 768w, https:\/\/www.messinaoggi.it\/website\/wp-content\/uploads\/2023\/04\/0-1-4.jpg 1207w\" sizes=\"(max-width: 1024px) 100vw, 1024px\" \/><figcaption><strong>Salvo Puccio, direttore generale di Palazzo Zanca<\/strong><\/figcaption><\/figure>\n\n\n\n<p><\/p>\n\n\n\n<p>Presente anche il direttore generale, Salvo Puccio, che ha preso di petto il progetto bloccato fra le pastoie burocratiche. C&#8217;era anche il Responsabile unico del procedimento e l&#8217;assessore Cannata, la quale ha sottolineato come il progetto sar\u00e0 accompagnato da un&#8217;opera di sensibilizzazione all&#8217;interno delle scuole.<\/p>\n\n\n\n<p>E poi il sindaco ha annunciato l&#8217;avvio di un rapporto sinergico con l&#8217;INGV per la gestione del Parco Aldo Moro ed altre iniziative che sono in cantiere. C&#8217;era anche il presidente di MessinaServiziBeneComune, Mariagrazia Interdonato: la societ\u00e0 si occuper\u00e0 della gestione del verde. <\/p>\n","protected":false},"excerpt":{"rendered":"<p>Poco meno di 545mila metri quadrati di aree a verde. Cambia il volto di Messina: \u00e8 la svolta green della citt\u00e0. Presentato questa mattina il progetto &#8220;ForestaMe&#8221;, voluto da Palazzo Zanca per trasformare la citt\u00e0 dello Stretto. Farla diventare &#8220;green&#8221;. La presentazione s&#8217;\u00e8 tenuta al Parco Aldo Moro, una struttura simbolo di quello che si [&hellip;]<\/p>\n","protected":false},"author":2,"featured_media":149943,"comment_status":"open","ping_status":"open","sticky":false,"template":"","format":"standard","meta":{"ub_ctt_via":"","_mi_skip_tracking":false},"categories":[19],"tags":[7342,2972,7341,5977,6589],"featured_image_src":"https:\/\/www.messinaoggi.it\/website\/wp-content\/uploads\/2023\/04\/unnamed-1-scaled.jpg","author_info":{"display_name":"Redazione","author_link":"https:\/\/www.messinaoggi.it\/website\/author\/redazione\/"},"digistream_id":0,"digistream":false,"_links":{"self":[{"href":"https:\/\/www.messinaoggi.it\/website\/wp-json\/wp\/v2\/posts\/149939"}],"collection":[{"href":"https:\/\/www.messinaoggi.it\/website\/wp-json\/wp\/v2\/posts"}],"about":[{"href":"https:\/\/www.messinaoggi.it\/website\/wp-json\/wp\/v2\/types\/post"}],"author":[{"embeddable":true,"href":"https:\/\/www.messinaoggi.it\/website\/wp-json\/wp\/v2\/users\/2"}],"replies":[{"embeddable":true,"href":"https:\/\/www.messinaoggi.it\/website\/wp-json\/wp\/v2\/comments?post=149939"}],"version-history":[{"count":2,"href":"https:\/\/www.messinaoggi.it\/website\/wp-json\/wp\/v2\/posts\/149939\/revisions"}],"predecessor-version":[{"id":149968,"href":"https:\/\/www.messinaoggi.it\/website\/wp-json\/wp\/v2\/posts\/149939\/revisions\/149968"}],"wp:featuredmedia":[{"embeddable":true,"href":"https:\/\/www.messinaoggi.it\/website\/wp-json\/wp\/v2\/media\/149943"}],"wp:attachment":[{"href":"https:\/\/www.messinaoggi.it\/website\/wp-json\/wp\/v2\/media?parent=149939"}],"wp:term":[{"taxonomy":"category","embeddable":true,"href":"https:\/\/www.messinaoggi.it\/website\/wp-json\/wp\/v2\/categories?post=149939"},{"taxonomy":"post_tag","embeddable":true,"href":"https:\/\/www.messinaoggi.it\/website\/wp-json\/wp\/v2\/tags?post=149939"}],"curies":[{"name":"wp","href":"https:\/\/api.w.org\/{rel}","templated":true}]}}