{"id":149856,"date":"2023-04-05T19:26:52","date_gmt":"2023-04-05T17:26:52","guid":{"rendered":"http:\/\/www.messinaoggi.it\/website\/?p=149856"},"modified":"2023-04-05T19:26:52","modified_gmt":"2023-04-05T17:26:52","slug":"italiano-il-pronto-soccorso-di-milazzo-non-puo-chiudere","status":"publish","type":"post","link":"https:\/\/www.messinaoggi.it\/website\/2023\/04\/05\/italiano-il-pronto-soccorso-di-milazzo-non-puo-chiudere\/","title":{"rendered":"Italiano: Il Pronto soccorso di Milazzo non pu\u00f2 chiudere"},"content":{"rendered":"\n<p>Dopo le proteste di questi mesi per scongiurare la chiusura del pronto soccorso di Milazzo, diversi colleghi Consiglieri Comunali e Sindaci dei Comuni del territorio si sono uniti al nostro appello. Il coinvolgimento delle istituzioni locali \u00e8 fondamentale nel portare avanti una battaglia di civilt\u00e0, di dignit\u00e0 di rispetto alla persona. Non dimentichiamo che il pronto soccorso di Milazzo serve un bacino di popolazione di oltre 100 mila abitanti con la presenza di uno dei poli petrolchimici pi\u00f9 importanti d&#8217;Italia e con la presenza di un porto commerciale che necessita di un presidio medico operante e facilmente raggiungibile. Il nostro pronto soccorso \u00e8 strategico non solo per la sua posizione ma anche perch\u00e9 \u00e8 fornito di piattaforma per l&#8217;elisoccorso e ha un reparto per la rianimazione.<div id=\"div-gpt-ad-Messinaoggi.it-DSK-300x250-corpoart\" style=\"text-align:center;margin:0 auto;\"><\/div><\/p>\n\n\n\n<p>Dopo la chiusura del ponte di Caldera&#8217;, Barcellona \u00e8 collegata ai comuni della fascia Tirrenica da Villafranca a Milazzo solo dalla strada 113, che diventa impraticabile per il traffico veicolare. Una follia in caso di emergenza.<div id=\"videoincontent\" style=\"clear:both\";><\/div><\/p>\n\n\n\n<p>Quindi, continua il nostro appello ai Sindaci e ai Consiglieri per unirci e fare muro, un muro di scudi, a difesa dell&#8217;Ospedale di Milazzo, affinch\u00e9 l&#8217;ASP ritorni nuovamente a considerare l&#8217;adeguamento dell&#8217;ex reparto di psichiatria. Opzione gi\u00e0 vagliata e accettata e poi improvvisamente annullata. Il diritto alla salute dei cittadini non ha prezzo e nemmeno colore politico.<\/p>\n\n\n\n<p>Per questo promuoveremo un appuntamento per una grande manifestazione di protesta che venga dalla base.<\/p>\n\n\n\n<p><em>Il pronto soccorso di Milazzo non va chiuso neanche per un giorno.<\/em><\/p>\n\n\n\n<p><strong>Lorenzo Italiano (consigliere comunale di Milazzo)<\/strong><\/p>\n\n\n\n<p><\/p>\n","protected":false},"excerpt":{"rendered":"<p>Dopo le proteste di questi mesi per scongiurare la chiusura del pronto soccorso di Milazzo, diversi colleghi Consiglieri Comunali e Sindaci dei Comuni del territorio si sono uniti al nostro appello. Il coinvolgimento delle istituzioni locali \u00e8 fondamentale nel portare avanti una battaglia di civilt\u00e0, di dignit\u00e0 di rispetto alla persona. Non dimentichiamo che il [&hellip;]<\/p>\n","protected":false},"author":2,"featured_media":149857,"comment_status":"open","ping_status":"open","sticky":false,"template":"","format":"standard","meta":{"ub_ctt_via":"","_mi_skip_tracking":false},"categories":[13,14],"tags":[7336,775,5197],"featured_image_src":"https:\/\/www.messinaoggi.it\/website\/wp-content\/uploads\/2023\/04\/66E4D504-7F5E-4F47-8ACB-73D3E72BC3FE.jpeg","author_info":{"display_name":"Redazione","author_link":"https:\/\/www.messinaoggi.it\/website\/author\/redazione\/"},"digistream_id":0,"digistream":false,"_links":{"self":[{"href":"https:\/\/www.messinaoggi.it\/website\/wp-json\/wp\/v2\/posts\/149856"}],"collection":[{"href":"https:\/\/www.messinaoggi.it\/website\/wp-json\/wp\/v2\/posts"}],"about":[{"href":"https:\/\/www.messinaoggi.it\/website\/wp-json\/wp\/v2\/types\/post"}],"author":[{"embeddable":true,"href":"https:\/\/www.messinaoggi.it\/website\/wp-json\/wp\/v2\/users\/2"}],"replies":[{"embeddable":true,"href":"https:\/\/www.messinaoggi.it\/website\/wp-json\/wp\/v2\/comments?post=149856"}],"version-history":[{"count":1,"href":"https:\/\/www.messinaoggi.it\/website\/wp-json\/wp\/v2\/posts\/149856\/revisions"}],"predecessor-version":[{"id":149858,"href":"https:\/\/www.messinaoggi.it\/website\/wp-json\/wp\/v2\/posts\/149856\/revisions\/149858"}],"wp:featuredmedia":[{"embeddable":true,"href":"https:\/\/www.messinaoggi.it\/website\/wp-json\/wp\/v2\/media\/149857"}],"wp:attachment":[{"href":"https:\/\/www.messinaoggi.it\/website\/wp-json\/wp\/v2\/media?parent=149856"}],"wp:term":[{"taxonomy":"category","embeddable":true,"href":"https:\/\/www.messinaoggi.it\/website\/wp-json\/wp\/v2\/categories?post=149856"},{"taxonomy":"post_tag","embeddable":true,"href":"https:\/\/www.messinaoggi.it\/website\/wp-json\/wp\/v2\/tags?post=149856"}],"curies":[{"name":"wp","href":"https:\/\/api.w.org\/{rel}","templated":true}]}}