{"id":149764,"date":"2023-04-05T13:07:51","date_gmt":"2023-04-05T11:07:51","guid":{"rendered":"https:\/\/www.messinaoggi.it\/website\/2023\/04\/05\/ceferin-confermato-presidente-uefa-fino-al-2027\/"},"modified":"2023-04-05T13:07:51","modified_gmt":"2023-04-05T11:07:51","slug":"ceferin-confermato-presidente-uefa-fino-al-2027","status":"publish","type":"post","link":"https:\/\/www.messinaoggi.it\/website\/2023\/04\/05\/ceferin-confermato-presidente-uefa-fino-al-2027\/","title":{"rendered":"Ceferin confermato presidente Uefa fino al 2027"},"content":{"rendered":"<div>LISBONA (PORTOGALLO) (ITALPRESS) &#8211; Aleksander Ceferin guider\u00e0 la Uefa per altri 4 anni. Candidato unico al 47^ Congresso Ordinario in corso a Lisbona, il 55enne dirigente sloveno \u00e8 stato confermato per un terzo mandato, fino al 2027, per acclamazione.<br \/>Ceferin, dal 2011 al 2016 alla guida della Federcalcio slovena, \u00e8 stato eletto la prima volta il 14 settembre 2016, poi la prima riconferma il 7 febbraio 2019, in occasione del 43^ Congresso Ordinario svoltosi a Roma. <br \/>&#8220;Voglio ringraziarvi dal profondo del cuore per il vostro unanime supporto &#8211; le parole di Ceferin dopo la rielezione &#8211; Significa molto per me, \u00e8 un grande orgoglio ma anche una grande responsabilit\u00e0. Quello che vi prometto \u00e8 che far\u00f2 del mio meglio per non deludere n\u00e8 voi n\u00e8 il calcio&#8221;.<br \/>&#8211; foto Image &#8211; <br \/>(ITALPRESS).<\/div>\n<div id=\"div-gpt-ad-Messinaoggi.it-DSK-300x250-corpoart\" style=\"text-align:center;margin:0 auto;\"><\/div><\/p><div id=\"videoincontent\" style=\"clear:both\";><\/div>","protected":false},"excerpt":{"rendered":"<p>LISBONA (PORTOGALLO) (ITALPRESS) &#8211; Aleksander Ceferin guider\u00e0 la Uefa per altri 4 anni. Candidato unico al 47^ Congresso Ordinario in corso a Lisbona, il 55enne dirigente sloveno \u00e8 stato confermato per un terzo mandato, fino al 2027, per acclamazione.Ceferin, dal 2011 al 2016 alla guida della Federcalcio slovena, \u00e8 stato eletto la prima volta il [&hellip;]<\/p>\n","protected":false},"author":18,"featured_media":149765,"comment_status":"closed","ping_status":"closed","sticky":false,"template":"","format":"standard","meta":{"ub_ctt_via":"","_mi_skip_tracking":false},"categories":[446],"tags":[783],"featured_image_src":"https:\/\/www.messinaoggi.it\/website\/wp-content\/uploads\/2023\/04\/20230405_0406.jpg","author_info":{"display_name":"Admin","author_link":"https:\/\/www.messinaoggi.it\/website\/author\/admin\/"},"digistream_id":0,"digistream":false,"_links":{"self":[{"href":"https:\/\/www.messinaoggi.it\/website\/wp-json\/wp\/v2\/posts\/149764"}],"collection":[{"href":"https:\/\/www.messinaoggi.it\/website\/wp-json\/wp\/v2\/posts"}],"about":[{"href":"https:\/\/www.messinaoggi.it\/website\/wp-json\/wp\/v2\/types\/post"}],"author":[{"embeddable":true,"href":"https:\/\/www.messinaoggi.it\/website\/wp-json\/wp\/v2\/users\/18"}],"replies":[{"embeddable":true,"href":"https:\/\/www.messinaoggi.it\/website\/wp-json\/wp\/v2\/comments?post=149764"}],"version-history":[{"count":0,"href":"https:\/\/www.messinaoggi.it\/website\/wp-json\/wp\/v2\/posts\/149764\/revisions"}],"wp:featuredmedia":[{"embeddable":true,"href":"https:\/\/www.messinaoggi.it\/website\/wp-json\/wp\/v2\/media\/149765"}],"wp:attachment":[{"href":"https:\/\/www.messinaoggi.it\/website\/wp-json\/wp\/v2\/media?parent=149764"}],"wp:term":[{"taxonomy":"category","embeddable":true,"href":"https:\/\/www.messinaoggi.it\/website\/wp-json\/wp\/v2\/categories?post=149764"},{"taxonomy":"post_tag","embeddable":true,"href":"https:\/\/www.messinaoggi.it\/website\/wp-json\/wp\/v2\/tags?post=149764"}],"curies":[{"name":"wp","href":"https:\/\/api.w.org\/{rel}","templated":true}]}}