{"id":14976,"date":"2018-01-30T12:58:21","date_gmt":"2018-01-30T11:58:21","guid":{"rendered":"http:\/\/www.messinaoggi.it\/website\/?p=14976"},"modified":"2018-01-30T12:58:21","modified_gmt":"2018-01-30T11:58:21","slug":"caldaia-sicura-lamministrazione-tenta-un-passo-indietro","status":"publish","type":"post","link":"https:\/\/www.messinaoggi.it\/website\/2018\/01\/30\/caldaia-sicura-lamministrazione-tenta-un-passo-indietro\/","title":{"rendered":"Caldaia sicura, l&#039;Amministrazione tenta un passo indietro"},"content":{"rendered":"<p style=\"text-align: justify;\">Il Consiglio Comunale ha dato delle indicazioni ben precise, l\u2019amministrazione ne ha preso atto e si \u00e8 adeguata ma adesso sul fronte Caldaia Sicura si tenta un clamoroso dietrofront.<div id=\"div-gpt-ad-Messinaoggi.it-DSK-300x250-corpoart\" style=\"text-align:center;margin:0 auto;\"><\/div><\/p>\n<p style=\"text-align: justify;\">E dire che tutto sembrava ormai stabilito, esattamente da quando il civico consesso ha votato la delibera per la modifica dello statuto dell\u2019Amam. L\u2019aula in pi\u00f9 riprese ha fatto capire di gradire una divisione delle due delibere, scegliendo di votare un atto che non contenesse l\u2019assegnazione del servizio alla societ\u00e0 del viale Giostra.<div id=\"videoincontent\" style=\"clear:both\";><\/div><\/p>\n<p style=\"text-align: justify;\">E cos\u00ec \u00e8 stato, la stessa amministrazione ha presentato un emendamento che si rifaceva alle indicazioni date dalla commissione prima e dal consiglio successivamente: \u201c<em>Intanto era importante votare la modifica dello Statuto Amam \u2013 dichiar\u00f2 il 18 gennaio scorso l\u2019assessore, Guido Signorino \u2013 il servizio Caldaia Sicura sar\u00e0 affrontato successivamente, vedremo se fare un bando o affidare il servizio in house\u201d.<\/em><\/p>\n<p style=\"text-align: justify;\">L\u2019amministrazione adesso ci riprova, l\u2019assessore Sergio De Cola ha inviato una nota alla presidenza della commissione bilancio, in cui si chiede di valutare l\u2019opportunit\u00e0 di raffidare il servizio all\u2019Amam, facendo risparmiare cos\u00ec il Comune.<\/p>\n<p style=\"text-align: justify;\">Al presidente Nino Interdonato, per\u00f2, non \u00e8 arrivato il prospetto economico e cos\u00ec questo risparmio, allo stato attuale, \u00e8 di difficile quantificazione. Un passo indietro che per\u00f2 sarebbe gradito ai sette lavoratori, fermi al palo dall\u20191 gennaio 2017 per via dell\u2019interruzione del servizio, che non hanno mai nascosto una certa preferenza per l\u2019esecuzione dei lavori per conto dell\u2019Amam.<\/p>\n","protected":false},"excerpt":{"rendered":"<p>Il Consiglio Comunale ha dato delle indicazioni ben precise, l\u2019amministrazione ne ha preso atto e si \u00e8 adeguata ma adesso sul fronte Caldaia Sicura si tenta un clamoroso dietrofront. E dire che tutto sembrava ormai stabilito, esattamente da quando il civico consesso ha votato la delibera per la modifica dello statuto dell\u2019Amam. L\u2019aula in pi\u00f9 [&hellip;]<\/p>\n","protected":false},"author":1,"featured_media":1743,"comment_status":"closed","ping_status":"open","sticky":false,"template":"","format":"standard","meta":{"ub_ctt_via":"","_mi_skip_tracking":false},"categories":[4],"tags":[],"featured_image_src":"https:\/\/www.messinaoggi.it\/website\/wp-content\/uploads\/2017\/06\/Termini-Leonardo-De-Cola-Sergio-2.jpg","author_info":{"display_name":"admin@admin.com","author_link":"https:\/\/www.messinaoggi.it\/website\/author\/adminadmin-com\/"},"digistream_id":0,"digistream":false,"_links":{"self":[{"href":"https:\/\/www.messinaoggi.it\/website\/wp-json\/wp\/v2\/posts\/14976"}],"collection":[{"href":"https:\/\/www.messinaoggi.it\/website\/wp-json\/wp\/v2\/posts"}],"about":[{"href":"https:\/\/www.messinaoggi.it\/website\/wp-json\/wp\/v2\/types\/post"}],"author":[{"embeddable":true,"href":"https:\/\/www.messinaoggi.it\/website\/wp-json\/wp\/v2\/users\/1"}],"replies":[{"embeddable":true,"href":"https:\/\/www.messinaoggi.it\/website\/wp-json\/wp\/v2\/comments?post=14976"}],"version-history":[{"count":0,"href":"https:\/\/www.messinaoggi.it\/website\/wp-json\/wp\/v2\/posts\/14976\/revisions"}],"wp:featuredmedia":[{"embeddable":true,"href":"https:\/\/www.messinaoggi.it\/website\/wp-json\/wp\/v2\/media\/1743"}],"wp:attachment":[{"href":"https:\/\/www.messinaoggi.it\/website\/wp-json\/wp\/v2\/media?parent=14976"}],"wp:term":[{"taxonomy":"category","embeddable":true,"href":"https:\/\/www.messinaoggi.it\/website\/wp-json\/wp\/v2\/categories?post=14976"},{"taxonomy":"post_tag","embeddable":true,"href":"https:\/\/www.messinaoggi.it\/website\/wp-json\/wp\/v2\/tags?post=14976"}],"curies":[{"name":"wp","href":"https:\/\/api.w.org\/{rel}","templated":true}]}}