{"id":149758,"date":"2023-04-05T12:07:58","date_gmt":"2023-04-05T10:07:58","guid":{"rendered":"https:\/\/www.messinaoggi.it\/website\/2023\/04\/05\/salute-schillaci-resistenza-ad-antimicrobici-e-emergenza-globale\/"},"modified":"2023-04-05T12:07:58","modified_gmt":"2023-04-05T10:07:58","slug":"salute-schillaci-resistenza-ad-antimicrobici-e-emergenza-globale","status":"publish","type":"post","link":"https:\/\/www.messinaoggi.it\/website\/2023\/04\/05\/salute-schillaci-resistenza-ad-antimicrobici-e-emergenza-globale\/","title":{"rendered":"Salute, Schillaci \u201cResistenza ad antimicrobici \u00e8 emergenza globale\u201d"},"content":{"rendered":"<div>ROMA (ITALPRESS) &#8211; &#8220;La resistenza agli antimicrobici, di cui l&#8217;antibiotico resistenza \u00e8 il fattore di maggiore peso, costituisce una delle principali emergenze sanitarie globali alimentata nel tempo da un uso eccessivo e improprio di antibiotici in ambito umano, veterinario e zootecnico. E&#8217; un fenomeno che ha una ricaduta significativa sulla salute delle persone e sui servizi sanitari. Oggi ci pone di fronte a una sfida urgente&#8221;. Lo ha detto Orazio Schillaci, ministro della Salute, intervenendo al forum sull&#8217;antimicrobico resistenza promosso da Farmindustria. Per Schillaci si tratta di &#8220;una sfida da affrontare nell&#8217;ottica One Health, in grado di abbracciare una visione unitaria della salute umana, il benessere animale, la sicurezza degli alimenti e la salubrit\u00e0 ambientale&#8221;. Il tema del forum, secondo il ministro, \u00e8 &#8220;di primo piano per la tutela della salute pubblica e si inquadra in una definita strategia europea e che \u00e8 al centro anche dell&#8217;impegno del nostro governo&#8221;.<div id=\"div-gpt-ad-Messinaoggi.it-DSK-300x250-corpoart\" style=\"text-align:center;margin:0 auto;\"><\/div><\/p>\n<p>&#8211; foto: agenziafotogramma.it <div id=\"videoincontent\" style=\"clear:both\";><\/div><\/p>\n<p>(ITALPRESS).<\/p><\/div>\n","protected":false},"excerpt":{"rendered":"<p>ROMA (ITALPRESS) &#8211; &#8220;La resistenza agli antimicrobici, di cui l&#8217;antibiotico resistenza \u00e8 il fattore di maggiore peso, costituisce una delle principali emergenze sanitarie globali alimentata nel tempo da un uso eccessivo e improprio di antibiotici in ambito umano, veterinario e zootecnico. E&#8217; un fenomeno che ha una ricaduta significativa sulla salute delle persone e sui [&hellip;]<\/p>\n","protected":false},"author":18,"featured_media":149759,"comment_status":"closed","ping_status":"closed","sticky":false,"template":"","format":"standard","meta":{"ub_ctt_via":"","_mi_skip_tracking":false},"categories":[446],"tags":[783],"featured_image_src":"https:\/\/www.messinaoggi.it\/website\/wp-content\/uploads\/2023\/04\/20230405_0336.jpg","author_info":{"display_name":"Admin","author_link":"https:\/\/www.messinaoggi.it\/website\/author\/admin\/"},"digistream_id":0,"digistream":false,"_links":{"self":[{"href":"https:\/\/www.messinaoggi.it\/website\/wp-json\/wp\/v2\/posts\/149758"}],"collection":[{"href":"https:\/\/www.messinaoggi.it\/website\/wp-json\/wp\/v2\/posts"}],"about":[{"href":"https:\/\/www.messinaoggi.it\/website\/wp-json\/wp\/v2\/types\/post"}],"author":[{"embeddable":true,"href":"https:\/\/www.messinaoggi.it\/website\/wp-json\/wp\/v2\/users\/18"}],"replies":[{"embeddable":true,"href":"https:\/\/www.messinaoggi.it\/website\/wp-json\/wp\/v2\/comments?post=149758"}],"version-history":[{"count":0,"href":"https:\/\/www.messinaoggi.it\/website\/wp-json\/wp\/v2\/posts\/149758\/revisions"}],"wp:featuredmedia":[{"embeddable":true,"href":"https:\/\/www.messinaoggi.it\/website\/wp-json\/wp\/v2\/media\/149759"}],"wp:attachment":[{"href":"https:\/\/www.messinaoggi.it\/website\/wp-json\/wp\/v2\/media?parent=149758"}],"wp:term":[{"taxonomy":"category","embeddable":true,"href":"https:\/\/www.messinaoggi.it\/website\/wp-json\/wp\/v2\/categories?post=149758"},{"taxonomy":"post_tag","embeddable":true,"href":"https:\/\/www.messinaoggi.it\/website\/wp-json\/wp\/v2\/tags?post=149758"}],"curies":[{"name":"wp","href":"https:\/\/api.w.org\/{rel}","templated":true}]}}