{"id":14973,"date":"2018-01-30T12:32:19","date_gmt":"2018-01-30T11:32:19","guid":{"rendered":"http:\/\/www.messinaoggi.it\/website\/?p=14973"},"modified":"2018-01-30T12:32:19","modified_gmt":"2018-01-30T11:32:19","slug":"impianto-di-pace-calabro-positivo-lo-sblocco-della-regione","status":"publish","type":"post","link":"https:\/\/www.messinaoggi.it\/website\/2018\/01\/30\/impianto-di-pace-calabro-positivo-lo-sblocco-della-regione\/","title":{"rendered":"Impianto di Pace, Calabr\u00f2: &quot;Positivo lo sblocco della Regione&quot;"},"content":{"rendered":"<p style=\"text-align: justify\">Forse ci siamo. La Regione ha sbloccato i lavori per l\u2019impianto di biostabilizzazione di Pace, una notizia che dalle parti di Palazzo Zanca (e non solo) \u00e8 stata accolta con cauto entusiasmo.<div id=\"div-gpt-ad-Messinaoggi.it-DSK-300x250-corpoart\" style=\"text-align:center;margin:0 auto;\"><\/div><\/p>\n<p style=\"text-align: justify\">Un tira e molla che va avanti da due anni e mezzo, da quando il Ministero dell\u2019Ambiente ha imposto il vincolo paesaggistico impedendo la costruzione dell\u2019impianto da 12 milioni di euro.<div id=\"videoincontent\" style=\"clear:both\";><\/div><\/p>\n<p style=\"text-align: justify\">La societ\u00e0 fece ricorso riuscendo a spuntarla, ma fu anche l\u2019inizio si un contenzioso con la Regione attraverso la Soprintendenza. Impianto di biostabilizzazione e discarica, due carte che l\u2019assessore Ialacqua a giocato con decisione nonostante le feroci critiche arrivate dagli ex compagni ambientalisti, ma lui ha sempre difeso questa scelta affermando come a Pace non sorger\u00e0 una discarica vecchio stampo.<\/p>\n<p style=\"text-align: justify\">Poco male. A mettere tutti d\u2019accordo ci ha pensato il Governatore, Nello Musumeci, che ha fin da subito affrontato di petto il problema dei rifiuti in Sicilia annunciando la creazione di due nuovi impianti uno a Gela e quello di Messina. Per il Presidente della Regione si tratta del primo sostanzioso passo in avanti per uscire dal caos dei rifiuti in Sicilia.<\/p>\n<p style=\"text-align: justify\">Per il commissario liquidatore di Messinambiente, Giovanni Calabr\u00f2, invece, Messina potrebbe finalmente puntare all\u2019autosostentamento: <em>\u201cSenza dubbio con l\u2019impianto di biostabilizzazione di Pace, la nostra citt\u00e0 non sar\u00e0 pi\u00f9 costretta a portare i rifiuti in discarica e ci\u00f2 comporterebbe un evidente riduzione dei costi. Invier\u00f2 una comunicazione alla Regione per avere maggiori delucidazioni, ma questa notizia ci soddisfa e la aspettavamo da tempo. La citt\u00e0 a pagato questa fase d\u2019impasse\u201d.<\/em><\/p>\n<p style=\"text-align: justify\">Calabr\u00f2 poi entra un po&#8217; pi\u00f9 nello specifico: <em>\u201cQuesto impianto permetter\u00e0 di dividere il secco dall\u2019umido. Quest\u2019ultimo sar\u00e0 trattato a Mili, c\u2019\u00e8 la vasca predisposta per questo genere di operazioni. Invece il secco sar\u00e0 trattato e smaltito nell\u2019impianto di Pace he \u00e8 gi\u00e0 funzionante\u201d. <\/em><\/p>\n","protected":false},"excerpt":{"rendered":"<p>Forse ci siamo. La Regione ha sbloccato i lavori per l\u2019impianto di biostabilizzazione di Pace, una notizia che dalle parti di Palazzo Zanca (e non solo) \u00e8 stata accolta con cauto entusiasmo. Un tira e molla che va avanti da due anni e mezzo, da quando il Ministero dell\u2019Ambiente ha imposto il vincolo paesaggistico impedendo [&hellip;]<\/p>\n","protected":false},"author":1,"featured_media":1633,"comment_status":"closed","ping_status":"open","sticky":false,"template":"","format":"standard","meta":{"ub_ctt_via":"","_mi_skip_tracking":false},"categories":[6],"tags":[],"featured_image_src":"https:\/\/www.messinaoggi.it\/website\/wp-content\/uploads\/2017\/06\/Calabro\u0300-Giovanni-2.jpg","author_info":{"display_name":"admin@admin.com","author_link":"https:\/\/www.messinaoggi.it\/website\/author\/adminadmin-com\/"},"digistream_id":0,"digistream":false,"_links":{"self":[{"href":"https:\/\/www.messinaoggi.it\/website\/wp-json\/wp\/v2\/posts\/14973"}],"collection":[{"href":"https:\/\/www.messinaoggi.it\/website\/wp-json\/wp\/v2\/posts"}],"about":[{"href":"https:\/\/www.messinaoggi.it\/website\/wp-json\/wp\/v2\/types\/post"}],"author":[{"embeddable":true,"href":"https:\/\/www.messinaoggi.it\/website\/wp-json\/wp\/v2\/users\/1"}],"replies":[{"embeddable":true,"href":"https:\/\/www.messinaoggi.it\/website\/wp-json\/wp\/v2\/comments?post=14973"}],"version-history":[{"count":0,"href":"https:\/\/www.messinaoggi.it\/website\/wp-json\/wp\/v2\/posts\/14973\/revisions"}],"wp:featuredmedia":[{"embeddable":true,"href":"https:\/\/www.messinaoggi.it\/website\/wp-json\/wp\/v2\/media\/1633"}],"wp:attachment":[{"href":"https:\/\/www.messinaoggi.it\/website\/wp-json\/wp\/v2\/media?parent=14973"}],"wp:term":[{"taxonomy":"category","embeddable":true,"href":"https:\/\/www.messinaoggi.it\/website\/wp-json\/wp\/v2\/categories?post=14973"},{"taxonomy":"post_tag","embeddable":true,"href":"https:\/\/www.messinaoggi.it\/website\/wp-json\/wp\/v2\/tags?post=14973"}],"curies":[{"name":"wp","href":"https:\/\/api.w.org\/{rel}","templated":true}]}}