{"id":149726,"date":"2023-04-05T09:31:44","date_gmt":"2023-04-05T07:31:44","guid":{"rendered":"http:\/\/www.messinaoggi.it\/website\/?p=149726"},"modified":"2023-04-05T09:31:45","modified_gmt":"2023-04-05T07:31:45","slug":"studente-del-verona-trento-vince-contest-di-achille-lauro-con-una-lettera-in-linguaggio-coding","status":"publish","type":"post","link":"https:\/\/www.messinaoggi.it\/website\/2023\/04\/05\/studente-del-verona-trento-vince-contest-di-achille-lauro-con-una-lettera-in-linguaggio-coding\/","title":{"rendered":"Studente del Verona Trento vince contest di Achille Lauro con una lettera in linguaggio coding"},"content":{"rendered":"\n<p>\u00c8 uno studente di Messina, e in particolare del Verona Trento ad essere arrivato primo a \u201cChe Sar\u00e0 &#8211; Achille Lauro nelle scuole\u201d, contest nazionale organizzato da Achille Lauro in collaborazione con H-FARM, Code.org e Amazon. Si tratta di Paolo Libro della 4D Costruzioni, Ambiente e Territorio, che per l\u2019occasione \u00e8 stato accompagnato a Milano dal professore Fabio Sciva, che lo segue quotidianamente nel suo percorso didattico. Libro ha vinto con una lettera in linguaggio coding scritta al se stesso del futuro.<div id=\"div-gpt-ad-Messinaoggi.it-DSK-300x250-corpoart\" style=\"text-align:center;margin:0 auto;\"><\/div><\/p>\n\n\n\n<p>\u201cPer me \u00e8 stata una grande emozione conoscere Achille Lauro, un\u2019artista dal rilevante spessore musicale, artistico e umano e sono molto molto soddisfatto perch\u00e9 la mia lettera lo ha colpito molto e commosso. \u2013 ha dichiarato il ragazzo &#8211; Inizialmente, quando la mia professoressa Gisella Rinaldi ha creduto in me e mi ha spinto a partecipare al contest non avevo particolari aspettative, ma poi sono riuscito a vincere e cos\u00ec un sogno si \u00e8 tramutato in realt\u00e0. Sono felice di essere riuscito ad esprimermi correttamente in linguaggio coding, tecnica appresa durante le ore di formazione in classe\u201d.<div id=\"videoincontent\" style=\"clear:both\";><\/div><\/p>\n\n\n\n<p>La cerimonia di premiazione si \u00e8 tenuta presso la \u2018Santeria\u2019 di Milano, alla presenza del cantante e dei portavoce degli enti organizzatori. La vittoria ha permesso allo studente di incontrare il cantante in un meet&amp;greet esclusivo e di ottenere un tablet e delle cuffie bluetooth, mentre la scuola ricever\u00e0 in premio prodotti dedicati al supporto dell\u2019istruzione dei propri studenti del valore di 15 mila euro.<\/p>\n\n\n\n<p>Il concorso, come riporta il sito dell\u2019organizzatore H-FARM, \u201cnasce con l\u2019obiettivo di ingaggiare le nuove generazioni sui temi del futuro, stimolandoli a misurarsi con aspettative e timori, e con la consapevolezza delle tante opportunit\u00e0 che oggi hanno a disposizione\u201d chiedendo ai giovani partecipanti di \u201cscrivere una lettera al proprio io del futuro per condividere obiettivi e progetti ma anche dubbi e incertezze\u201d, ribadendo l\u2019importanza di credere in quello che si fa senza aver paura di sbagliare.<\/p>\n\n\n\n<p>La \u201cLettera al Futuro\u201d di Paolo, scritta anche nel linguaggio del \u201ccoding\u201d, ha colpito la giuria, di cui faceva parte lo stesso Achille Lauro, che si \u00e8 complimentato \u201cper la bella lettera e la maturit\u00e0 che da essa traspare\u201d. Nel linguaggio coding, il testo si muove al tempo di musica con un\u2019immagine come sfondo, in un\u2019animazione molto piacevole. La lettera fa trasparire un sogno molto concreto da parte del giovane del Verona Trento che, differentemente da molti suoi coetanei che sognano di diventare youtuber o influencer, vede se stesso in futuro come insegnante perch\u00e9 spiega \u201ccos\u00ec posso trasmettere tutto il mio essere e sapere agli altri\u201d.<\/p>\n\n\n\n<p>L\u2019assennatezza e i valori di questo ragazzo emergono quando nella lettera al suo io adulto quando sottolinea: \u201cPrima di salutarti, voglio parlarti di un problema che ancora esiste nel mondo: la lotta per l&#8217;uguaglianza e la giustizia sociale. In questo momento, ci sono ancora molte persone che lottano per i loro diritti e che sono discriminate per motivi legati alla etnia, all&#8217;orientamento sessuale, alla religione e all&#8217;origine. Innocenti che vengono spesso privati del diritto fondamentale per eccellenza: il diritto alla vita! Spero quindi che tu nel futuro continuerai a lottare per la giustizia sociale e che possa essere un attivista per i diritti umani: solo combattendo in prima linea potrai cambiare le carte in tavola!\u201d.<\/p>\n","protected":false},"excerpt":{"rendered":"<p>\u00c8 uno studente di Messina, e in particolare del Verona Trento ad essere arrivato primo a \u201cChe Sar\u00e0 &#8211; Achille Lauro nelle scuole\u201d, contest nazionale organizzato da Achille Lauro in collaborazione con H-FARM, Code.org e Amazon. Si tratta di Paolo Libro della 4D Costruzioni, Ambiente e Territorio, che per l\u2019occasione \u00e8 stato accompagnato a Milano [&hellip;]<\/p>\n","protected":false},"author":8,"featured_media":149727,"comment_status":"open","ping_status":"open","sticky":false,"template":"","format":"standard","meta":{"ub_ctt_via":"","_mi_skip_tracking":false},"categories":[7],"tags":[3717,7327,1220],"featured_image_src":"https:\/\/www.messinaoggi.it\/website\/wp-content\/uploads\/2023\/04\/PHOTO-2023-04-04-15-17-32.jpg","author_info":{"display_name":"red..me","author_link":"https:\/\/www.messinaoggi.it\/website\/author\/redstage\/"},"digistream_id":0,"digistream":false,"_links":{"self":[{"href":"https:\/\/www.messinaoggi.it\/website\/wp-json\/wp\/v2\/posts\/149726"}],"collection":[{"href":"https:\/\/www.messinaoggi.it\/website\/wp-json\/wp\/v2\/posts"}],"about":[{"href":"https:\/\/www.messinaoggi.it\/website\/wp-json\/wp\/v2\/types\/post"}],"author":[{"embeddable":true,"href":"https:\/\/www.messinaoggi.it\/website\/wp-json\/wp\/v2\/users\/8"}],"replies":[{"embeddable":true,"href":"https:\/\/www.messinaoggi.it\/website\/wp-json\/wp\/v2\/comments?post=149726"}],"version-history":[{"count":1,"href":"https:\/\/www.messinaoggi.it\/website\/wp-json\/wp\/v2\/posts\/149726\/revisions"}],"predecessor-version":[{"id":149728,"href":"https:\/\/www.messinaoggi.it\/website\/wp-json\/wp\/v2\/posts\/149726\/revisions\/149728"}],"wp:featuredmedia":[{"embeddable":true,"href":"https:\/\/www.messinaoggi.it\/website\/wp-json\/wp\/v2\/media\/149727"}],"wp:attachment":[{"href":"https:\/\/www.messinaoggi.it\/website\/wp-json\/wp\/v2\/media?parent=149726"}],"wp:term":[{"taxonomy":"category","embeddable":true,"href":"https:\/\/www.messinaoggi.it\/website\/wp-json\/wp\/v2\/categories?post=149726"},{"taxonomy":"post_tag","embeddable":true,"href":"https:\/\/www.messinaoggi.it\/website\/wp-json\/wp\/v2\/tags?post=149726"}],"curies":[{"name":"wp","href":"https:\/\/api.w.org\/{rel}","templated":true}]}}