{"id":149714,"date":"2023-04-05T08:40:21","date_gmt":"2023-04-05T06:40:21","guid":{"rendered":"http:\/\/www.messinaoggi.it\/website\/?p=149714"},"modified":"2023-04-05T08:40:22","modified_gmt":"2023-04-05T06:40:22","slug":"spazio-noponte-scrive-al-sindaco-federico-basile","status":"publish","type":"post","link":"https:\/\/www.messinaoggi.it\/website\/2023\/04\/05\/spazio-noponte-scrive-al-sindaco-federico-basile\/","title":{"rendered":"&#8220;Spazio NoPonte&#8221; scrive al sindaco Federico Basile"},"content":{"rendered":"\n<p>Lettera aperta al sindaco Federico Basile del Comitato &#8220;Spazio NoPonte&#8221;<div id=\"div-gpt-ad-Messinaoggi.it-DSK-300x250-corpoart\" style=\"text-align:center;margin:0 auto;\"><\/div><\/p>\n\n\n\n<p>&#8220;L\u2019incontro che ormai parecchie settimane addietro abbiamo chiesto al sindaco della nostra citt\u00e0 Federico Basile non aveva certo l\u2019obbiettivo di portare dalla nostra parte la posizione dell\u2019amministrazione, che sappiamo essere fortemente orientata verso il S\u00ec al ponte sullo Stretto, n\u00e9 ci muoveva l\u2019illusione che l\u2019interlocuzione con l\u2019ente locale potesse spostare anche solo di poco l\u2019esito della battaglia che si gioca sul nostro territorio. Sappiamo bene, infatti, che un\u2019opera come il ponte viene gestita in maniera fortemente centralizzata e secondo norme che attingono alle legislazioni emergenziali.Ci importava, per\u00f2, per l\u2019amore che abbiamo per Messina e lo Stretto, offrire al Sindaco una chiave di lettura di quanto si accinge ad accadere e che, da un certo punto di vista, \u00e8 anche indipendente dal fatto che il ponte lo facciano davvero. Non abbiamo, infatti, alcuna fiducia nei confronti del quadro politico locale e nazionale che riteniamo interessato pi\u00f9 al numero dei like e al sondaggio del venerd\u00ec sera che ad una reale programmazione infrastrutturale che dia risposte alle esigenze degli abitanti.Volevamo, insomma, mettere sull\u2019avviso Basile dei rischi che correva e corre di ritrovarsi ad amministrare una citt\u00e0 invasa da cantieri che renderanno invivibile per molti anni la quotidianit\u00e0 dei cittadini, senza, peraltro, necessariamente, condurre alla costruzione dell\u2019opera. Avevamo, cio\u00e8, pi\u00f9 da offrire che da chiedere e non eleggevamo il Sindaco di Messina a nostro avversario, ghiacch\u00e9 riteniamo che nella contesa che si svolger\u00e0 nell\u2019Area dello Stretto nei prossimi anni avremo avversari ben pi\u00f9 potenti.A quella richiesta Federico Basile ha ritenuto di non volere dare seguito e, francamente, ce ne siamo fatta una ragione molto rapidamente, dispiacendoci magari solo del fatto che il Sindaco di Messina metta in cos\u00ec arretrata posizione chi da anni si batte per la difesa del territorio. Comunque, \u00e8 andata cos\u00ec e incontrasi oggi avrebbe il valore di un \u201cpour parler\u201d poich\u00e9 quello che avevamo da dire lo abbiamo specificato nella lettera che dovevamo consegnare nelle sue mani e che invece abbiamo dovuto rendere pubblica attraverso la convocazione di una conferenza stampa. Gli argomenti contenuti nella lettera sono stati poi ampiamente discussi nel corso dell\u2019assemblea del 26 marzo a Torre Faro. Vogliamo, per\u00f2, provare adesso a rilanciargli l\u2019offerta di interlocuzione su un terreno pi\u00f9 fattivo.La prossima estate, ispirandoci a quanto facemmo nei primi anni di mobilitazione no ponte, vorremmo organizzare un ciclo di iniziative di approfondimento sui temi delle infrastrutture e di ci\u00f2 di cui necessitano i nostri territori. Cos\u00ec come facemmo allora, \u00e8 nostra intenzione attrezzare delle aree per ospitare gli attivisti provenienti da fuori Messina. Chiediamo, dunque, pubblicamente, al sindaco Basile di mettere a disposizione (come fece l\u2019allora sindaco Peppino Buzzanca) aree e attrezzature per la buona riuscita dell\u2019iniziativa&#8221;.<div id=\"videoincontent\" style=\"clear:both\";><\/div><\/p>\n","protected":false},"excerpt":{"rendered":"<p>Lettera aperta al sindaco Federico Basile del Comitato &#8220;Spazio NoPonte&#8221; &#8220;L\u2019incontro che ormai parecchie settimane addietro abbiamo chiesto al sindaco della nostra citt\u00e0 Federico Basile non aveva certo l\u2019obbiettivo di portare dalla nostra parte la posizione dell\u2019amministrazione, che sappiamo essere fortemente orientata verso il S\u00ec al ponte sullo Stretto, n\u00e9 ci muoveva l\u2019illusione che l\u2019interlocuzione [&hellip;]<\/p>\n","protected":false},"author":2,"featured_media":60093,"comment_status":"open","ping_status":"open","sticky":false,"template":"","format":"standard","meta":{"ub_ctt_via":"","_mi_skip_tracking":false},"categories":[5],"tags":[7323,7324,7325],"featured_image_src":"https:\/\/www.messinaoggi.it\/website\/wp-content\/uploads\/2021\/04\/20210417_0376.jpg","author_info":{"display_name":"Redazione","author_link":"https:\/\/www.messinaoggi.it\/website\/author\/redazione\/"},"digistream_id":0,"digistream":false,"_links":{"self":[{"href":"https:\/\/www.messinaoggi.it\/website\/wp-json\/wp\/v2\/posts\/149714"}],"collection":[{"href":"https:\/\/www.messinaoggi.it\/website\/wp-json\/wp\/v2\/posts"}],"about":[{"href":"https:\/\/www.messinaoggi.it\/website\/wp-json\/wp\/v2\/types\/post"}],"author":[{"embeddable":true,"href":"https:\/\/www.messinaoggi.it\/website\/wp-json\/wp\/v2\/users\/2"}],"replies":[{"embeddable":true,"href":"https:\/\/www.messinaoggi.it\/website\/wp-json\/wp\/v2\/comments?post=149714"}],"version-history":[{"count":1,"href":"https:\/\/www.messinaoggi.it\/website\/wp-json\/wp\/v2\/posts\/149714\/revisions"}],"predecessor-version":[{"id":149715,"href":"https:\/\/www.messinaoggi.it\/website\/wp-json\/wp\/v2\/posts\/149714\/revisions\/149715"}],"wp:featuredmedia":[{"embeddable":true,"href":"https:\/\/www.messinaoggi.it\/website\/wp-json\/wp\/v2\/media\/60093"}],"wp:attachment":[{"href":"https:\/\/www.messinaoggi.it\/website\/wp-json\/wp\/v2\/media?parent=149714"}],"wp:term":[{"taxonomy":"category","embeddable":true,"href":"https:\/\/www.messinaoggi.it\/website\/wp-json\/wp\/v2\/categories?post=149714"},{"taxonomy":"post_tag","embeddable":true,"href":"https:\/\/www.messinaoggi.it\/website\/wp-json\/wp\/v2\/tags?post=149714"}],"curies":[{"name":"wp","href":"https:\/\/api.w.org\/{rel}","templated":true}]}}