{"id":149691,"date":"2023-04-05T08:18:36","date_gmt":"2023-04-05T06:18:36","guid":{"rendered":"http:\/\/www.messinaoggi.it\/website\/?p=149691"},"modified":"2023-04-05T08:21:26","modified_gmt":"2023-04-05T06:21:26","slug":"basile-vi-spiego-cosho-fatto-a-milano-da-sala","status":"publish","type":"post","link":"https:\/\/www.messinaoggi.it\/website\/2023\/04\/05\/basile-vi-spiego-cosho-fatto-a-milano-da-sala\/","title":{"rendered":"Basile: &#8220;Vi spiego cos&#8217;ho fatto a Milano da Sala&#8221;"},"content":{"rendered":"\n<p>&#8220;Nessuna lezione\u2026 ma confronto e sinergia istituzionale sulle materie legate alla possibilit\u00e0 di nuovi investimenti da Milano verso Messina e da Messina verso Milano&#8221;. Lo scrive sulla sua pagina Fb il sindaco di Messina, Federico Basile, reduce dall&#8217;incontro con il suo omologo Beppe Sala.<div id=\"div-gpt-ad-Messinaoggi.it-DSK-300x250-corpoart\" style=\"text-align:center;margin:0 auto;\"><\/div><\/p>\n\n\n\n<p>Il primo cittadino di Messina, come anticipato ieri dal nostro giornale, non \u00e8 andato in Lombardia per prendere ripetizioni sull&#8217;impiego dei soldi del PNRR, bens\u00ec per allacciare relazioni. Lui dice istituzionali, ma potrebbero essere anche politiche nell&#8217;ambito di un progetto che vede i sindaci in prima linea.<div id=\"videoincontent\" style=\"clear:both\";><\/div><\/p>\n\n\n\n<p>&#8220;Come sottolineato anche dal collega sindaco <a href=\"https:\/\/www.facebook.com\/beppesalasindaco?__cft__[0]=AZVMfhC_KZTHR4syjBxKevm3YOaOZadrztakTLn3dzbVk0L-91h7eLFEKpe7hAfRv2Kf2R7K0qTkcKii6OcdzbHY_MuAFXbwkFAwmvcW95DzTXygale9SBBbyx_zeHIYiwQ&amp;__tn__=-]K-R\">Beppe Sala<\/a>, con il quale c\u2019\u00e8 stato un confronto legato alla possibile collaborazione sul concetto di rigenerazione urbana legata ad esempio a percorsi paralleli di ForestaME e ForestaMI, o ancora investimenti legati alla Formazione dei tanti giovani che studiano a Milano e che possono avere chance di lavoro a casa propria&#8221;.<\/p>\n\n\n\n<p>Aggiunge Federico Basile, il quale poi specifica il passaggio sul PNRR.<\/p>\n\n\n\n<p>&#8220;La capacit\u00e0 di spesa dei Fondi PNRR \u00e8 demandata alle citt\u00e0 che sanno fare il loro lavoro e Messina \u00e8 stata prima in Italia per capacit\u00e0 di spesa dei fondi PON metro dal 2019-2021 per 3 anni consecutivi.Attrarre investimenti \u00e8 un ragionamento diverso.. una citt\u00e0 come Milano sa come attrarli e come metterli a sistema..Investimenti sono sinonimo di confronto che con un incontro come quello di oggi possono portare a strategie comuni e come dice il collega Sala, nessuno impara da nessuno ma ognuno mette a disposizione le proprie capacit\u00e0 per una sinergia che vedr\u00e0 le due Citt\u00e0 in un futuro prossimo&#8221;.<\/p>\n","protected":false},"excerpt":{"rendered":"<p>&#8220;Nessuna lezione\u2026 ma confronto e sinergia istituzionale sulle materie legate alla possibilit\u00e0 di nuovi investimenti da Milano verso Messina e da Messina verso Milano&#8221;. Lo scrive sulla sua pagina Fb il sindaco di Messina, Federico Basile, reduce dall&#8217;incontro con il suo omologo Beppe Sala. Il primo cittadino di Messina, come anticipato ieri dal nostro giornale, [&hellip;]<\/p>\n","protected":false},"author":2,"featured_media":149692,"comment_status":"open","ping_status":"open","sticky":false,"template":"","format":"standard","meta":{"ub_ctt_via":"","_mi_skip_tracking":false},"categories":[19],"tags":[7319,2972,6568],"featured_image_src":"https:\/\/www.messinaoggi.it\/website\/wp-content\/uploads\/2023\/04\/339854063_244798451282954_5600717883244999547_n-e1680675675403.jpg","author_info":{"display_name":"Redazione","author_link":"https:\/\/www.messinaoggi.it\/website\/author\/redazione\/"},"digistream_id":0,"digistream":false,"_links":{"self":[{"href":"https:\/\/www.messinaoggi.it\/website\/wp-json\/wp\/v2\/posts\/149691"}],"collection":[{"href":"https:\/\/www.messinaoggi.it\/website\/wp-json\/wp\/v2\/posts"}],"about":[{"href":"https:\/\/www.messinaoggi.it\/website\/wp-json\/wp\/v2\/types\/post"}],"author":[{"embeddable":true,"href":"https:\/\/www.messinaoggi.it\/website\/wp-json\/wp\/v2\/users\/2"}],"replies":[{"embeddable":true,"href":"https:\/\/www.messinaoggi.it\/website\/wp-json\/wp\/v2\/comments?post=149691"}],"version-history":[{"count":1,"href":"https:\/\/www.messinaoggi.it\/website\/wp-json\/wp\/v2\/posts\/149691\/revisions"}],"predecessor-version":[{"id":149693,"href":"https:\/\/www.messinaoggi.it\/website\/wp-json\/wp\/v2\/posts\/149691\/revisions\/149693"}],"wp:featuredmedia":[{"embeddable":true,"href":"https:\/\/www.messinaoggi.it\/website\/wp-json\/wp\/v2\/media\/149692"}],"wp:attachment":[{"href":"https:\/\/www.messinaoggi.it\/website\/wp-json\/wp\/v2\/media?parent=149691"}],"wp:term":[{"taxonomy":"category","embeddable":true,"href":"https:\/\/www.messinaoggi.it\/website\/wp-json\/wp\/v2\/categories?post=149691"},{"taxonomy":"post_tag","embeddable":true,"href":"https:\/\/www.messinaoggi.it\/website\/wp-json\/wp\/v2\/tags?post=149691"}],"curies":[{"name":"wp","href":"https:\/\/api.w.org\/{rel}","templated":true}]}}