{"id":149393,"date":"2023-04-03T11:55:09","date_gmt":"2023-04-03T09:55:09","guid":{"rendered":"http:\/\/www.messinaoggi.it\/website\/?p=149393"},"modified":"2023-04-03T11:55:11","modified_gmt":"2023-04-03T09:55:11","slug":"tragedia-a-messina-bimbo-arriva-morto-in-ospedale","status":"publish","type":"post","link":"https:\/\/www.messinaoggi.it\/website\/2023\/04\/03\/tragedia-a-messina-bimbo-arriva-morto-in-ospedale\/","title":{"rendered":"Tragedia a Messina: bimbo arriva morto in ospedale"},"content":{"rendered":"\n<p>Tragedia questa mattina in provincia di Messina. A Patti un bambino di 11 anni \u00e8 arrivato morto in ospedale. A riportare la notizia \u00e8 Adnkronos, spiegando che il bambino soffriva di gravi patologie fin dalla nascita.<div id=\"div-gpt-ad-Messinaoggi.it-DSK-300x250-corpoart\" style=\"text-align:center;margin:0 auto;\"><\/div><\/p>\n\n\n\n<p>\u00c8 stato il padre a portare il piccolo in ospedale. La madre del bimbo \u00e8 morta pochi mesi fa. Come apprende l&#8217;Adnkronos, c&#8217;era un provvedimento del Tribunale dei minori, di pochi giorni fa, che aveva disposto il ricovero del bambino per le cure del caso. <div id=\"videoincontent\" style=\"clear:both\";><\/div><\/p>\n\n\n\n<p>La Procura ha aperto un fascicolo per verificare a chi \u00e8 stato notificato il provvedimento e per quali motivi il piccolo non sia stato ricoverato. La salma del bimbo di 11 anni \u00e8 stata trattenuta per l&#8217;eventuale autopsia.<\/p>\n","protected":false},"excerpt":{"rendered":"<p>Tragedia questa mattina in provincia di Messina. A Patti un bambino di 11 anni \u00e8 arrivato morto in ospedale. A riportare la notizia \u00e8 Adnkronos, spiegando che il bambino soffriva di gravi patologie fin dalla nascita. \u00c8 stato il padre a portare il piccolo in ospedale. La madre del bimbo \u00e8 morta pochi mesi fa. [&hellip;]<\/p>\n","protected":false},"author":8,"featured_media":1247,"comment_status":"open","ping_status":"open","sticky":false,"template":"","format":"standard","meta":{"ub_ctt_via":"","_mi_skip_tracking":false},"categories":[19],"tags":[5640,50,1257],"featured_image_src":"https:\/\/www.messinaoggi.it\/website\/wp-content\/uploads\/2017\/06\/ospedale-barone-romeo-Patti-2.jpg","author_info":{"display_name":"red..me","author_link":"https:\/\/www.messinaoggi.it\/website\/author\/redstage\/"},"digistream_id":0,"digistream":false,"_links":{"self":[{"href":"https:\/\/www.messinaoggi.it\/website\/wp-json\/wp\/v2\/posts\/149393"}],"collection":[{"href":"https:\/\/www.messinaoggi.it\/website\/wp-json\/wp\/v2\/posts"}],"about":[{"href":"https:\/\/www.messinaoggi.it\/website\/wp-json\/wp\/v2\/types\/post"}],"author":[{"embeddable":true,"href":"https:\/\/www.messinaoggi.it\/website\/wp-json\/wp\/v2\/users\/8"}],"replies":[{"embeddable":true,"href":"https:\/\/www.messinaoggi.it\/website\/wp-json\/wp\/v2\/comments?post=149393"}],"version-history":[{"count":1,"href":"https:\/\/www.messinaoggi.it\/website\/wp-json\/wp\/v2\/posts\/149393\/revisions"}],"predecessor-version":[{"id":149394,"href":"https:\/\/www.messinaoggi.it\/website\/wp-json\/wp\/v2\/posts\/149393\/revisions\/149394"}],"wp:featuredmedia":[{"embeddable":true,"href":"https:\/\/www.messinaoggi.it\/website\/wp-json\/wp\/v2\/media\/1247"}],"wp:attachment":[{"href":"https:\/\/www.messinaoggi.it\/website\/wp-json\/wp\/v2\/media?parent=149393"}],"wp:term":[{"taxonomy":"category","embeddable":true,"href":"https:\/\/www.messinaoggi.it\/website\/wp-json\/wp\/v2\/categories?post=149393"},{"taxonomy":"post_tag","embeddable":true,"href":"https:\/\/www.messinaoggi.it\/website\/wp-json\/wp\/v2\/tags?post=149393"}],"curies":[{"name":"wp","href":"https:\/\/api.w.org\/{rel}","templated":true}]}}