{"id":14938,"date":"2018-01-29T15:21:59","date_gmt":"2018-01-29T14:21:59","guid":{"rendered":"http:\/\/www.messinaoggi.it\/website\/?p=14938"},"modified":"2018-01-29T15:21:59","modified_gmt":"2018-01-29T14:21:59","slug":"caos-candidature-la-barrile-si-autosospende-da-forza-italia","status":"publish","type":"post","link":"https:\/\/www.messinaoggi.it\/website\/2018\/01\/29\/caos-candidature-la-barrile-si-autosospende-da-forza-italia\/","title":{"rendered":"Caos candidature, la Barrile si autosospende da Forza Italia"},"content":{"rendered":"<p style=\"text-align: justify;\">E\u2019 stata in odore di candidatura alle Politiche per diverso tempo, soprattutto dopo aver fatto un passo indietro alle ultime regionali in favore di Luigi Genovese. Le scelte sulle candidature di Forza Italia alle elezioni del prossimo 4 marzo spaccano il mondo azzurro, cos\u00ec Emilia Barrile rompe il silenzio che l\u2019ha contraddistinta in tutte queste settimane, in cui il suo nome \u00e8 diventato sempre pi\u00f9 debole nella corsa verso Montecitorio e cos\u00ec il passo indietro rispetto al partito diventa una logica conseguenza.<div id=\"div-gpt-ad-Messinaoggi.it-DSK-300x250-corpoart\" style=\"text-align:center;margin:0 auto;\"><\/div><\/p>\n<p style=\"text-align: justify;\">La presidente del Consiglio Comunale, critica il modus operandi che ha portato alla scelta dei candidati: \u201cLe scelte he si stanno consumando n queste ore per l\u2019individuazione dei candidati per le prossime elezioni politiche nazionali, sembrano improntate esclusivamente alla ricerca di uomini e donne che rispondano in modo fideistico ai leaders politici. Dette scelte escludono a priori il livello culturale, tecnico e politico che la futura classe dirigente dovrebbe avere e ci\u00f2 non pu\u00f2 che generare lotte intestine e malumori nei sostenitori e negli attivisti politici che da anni si spendono sul territorio. Ho sempre saputo che se la politica \u00e8 al servizio dei cittadini, molti politici non lo sono ma sembrano pi\u00f9 dotati di opportunismo ed indifferenza che di sensibilit\u00e0 ai reali bisogni del proprio territorio. Il cambiamento dell\u2019azione politica tanto reclamato dai cittadini, non \u00e8 tenuto in debita considerazione, mentre sembra prevalere il delirio di onnipotenza della classe politica che ci rappresenta e che altro non produrr\u00e0 che un ulteriore allontanamento dalla politica dei cittadini che hanno creduto in noi\u201d.<div id=\"videoincontent\" style=\"clear:both\";><\/div><\/p>\n<p style=\"text-align: justify;\">Da qui la decisione di autosospendersi dal partito in attesa di un confronto con i vertici regionali, soprattutto con il coordinatore Gianfranco Miccich\u00e8: \u201cLa classe dirigente non si improvvisa come si sta facendo e chi \u00e8 deputato a scegliere in queste ore quali siano le migliori candidature per il governo del Paese, non deve operare la scelta utilizzando criteri appartenenti a logiche, purtroppo consolidate nel tempo, di tipo familiaristico o all\u2019interno dei cerchi magici, ma deve dare una anche voce e possibilit\u00e0 a chi si \u00e8 sempre contraddistinto per passione politica, impegno senso del dovere nel territorio. Oggi, dopo ver atteso in rispettoso silenzio, rifletto sul mio ruolo e sull\u2019intenso lavoro che ho svolto in tutti questi anni nell\u2019esclusivo interesse della mia citt\u00e0 non riuscendo ad accettare e fare mie, le scelte imposte dall\u2019alto. Pertanto, aspetto un confronto diretto con il Coordinatore Regionale, in seguito al quale potr\u00f2 valutare e decidere insieme ai miei sostenitori il mio futuro politico e dopo una attenta, consapevole e sofferta riflessione, mi autosospendo da Forza Italia\u201d.<\/p>\n","protected":false},"excerpt":{"rendered":"<p>E\u2019 stata in odore di candidatura alle Politiche per diverso tempo, soprattutto dopo aver fatto un passo indietro alle ultime regionali in favore di Luigi Genovese. Le scelte sulle candidature di Forza Italia alle elezioni del prossimo 4 marzo spaccano il mondo azzurro, cos\u00ec Emilia Barrile rompe il silenzio che l\u2019ha contraddistinta in tutte queste [&hellip;]<\/p>\n","protected":false},"author":2,"featured_media":1627,"comment_status":"closed","ping_status":"open","sticky":false,"template":"","format":"standard","meta":{"ub_ctt_via":"","_mi_skip_tracking":false},"categories":[6],"tags":[],"featured_image_src":"https:\/\/www.messinaoggi.it\/website\/wp-content\/uploads\/2017\/06\/Barrile-Emilia-presidenza-2.jpg","author_info":{"display_name":"Redazione","author_link":"https:\/\/www.messinaoggi.it\/website\/author\/redazione\/"},"digistream_id":0,"digistream":false,"_links":{"self":[{"href":"https:\/\/www.messinaoggi.it\/website\/wp-json\/wp\/v2\/posts\/14938"}],"collection":[{"href":"https:\/\/www.messinaoggi.it\/website\/wp-json\/wp\/v2\/posts"}],"about":[{"href":"https:\/\/www.messinaoggi.it\/website\/wp-json\/wp\/v2\/types\/post"}],"author":[{"embeddable":true,"href":"https:\/\/www.messinaoggi.it\/website\/wp-json\/wp\/v2\/users\/2"}],"replies":[{"embeddable":true,"href":"https:\/\/www.messinaoggi.it\/website\/wp-json\/wp\/v2\/comments?post=14938"}],"version-history":[{"count":0,"href":"https:\/\/www.messinaoggi.it\/website\/wp-json\/wp\/v2\/posts\/14938\/revisions"}],"wp:featuredmedia":[{"embeddable":true,"href":"https:\/\/www.messinaoggi.it\/website\/wp-json\/wp\/v2\/media\/1627"}],"wp:attachment":[{"href":"https:\/\/www.messinaoggi.it\/website\/wp-json\/wp\/v2\/media?parent=14938"}],"wp:term":[{"taxonomy":"category","embeddable":true,"href":"https:\/\/www.messinaoggi.it\/website\/wp-json\/wp\/v2\/categories?post=14938"},{"taxonomy":"post_tag","embeddable":true,"href":"https:\/\/www.messinaoggi.it\/website\/wp-json\/wp\/v2\/tags?post=14938"}],"curies":[{"name":"wp","href":"https:\/\/api.w.org\/{rel}","templated":true}]}}