{"id":149342,"date":"2023-04-02T18:07:52","date_gmt":"2023-04-02T16:07:52","guid":{"rendered":"https:\/\/www.messinaoggi.it\/website\/2023\/04\/02\/pogacar-domina-il-fiandre-seconda-piazza-per-van-der-poel\/"},"modified":"2023-04-02T18:07:52","modified_gmt":"2023-04-02T16:07:52","slug":"pogacar-domina-il-fiandre-seconda-piazza-per-van-der-poel","status":"publish","type":"post","link":"https:\/\/www.messinaoggi.it\/website\/2023\/04\/02\/pogacar-domina-il-fiandre-seconda-piazza-per-van-der-poel\/","title":{"rendered":"Pogacar domina il Fiandre, seconda piazza per van der Poel"},"content":{"rendered":"<div>BRUXELLES (BELGIO) (ITALPRESS) &#8211; Tadej Pogacar ha vinto da autentico dominatore sui muri in pav\u00e8 dell&#8217;edizione numero 107 del Giro delle Fiandre. Lo sloveno dell&#8217;UAE Team Emirates \u00e8 giunto da solo al traguardo, dopo i ben 19 muri di questa tappa della &#8220;campagna del Nord&#8221;, e ha preceduto di 16&#8243; l&#8217;olandese Mathieu van der Poel (Alpecin-Deceuninck), secondo, e di oltre un minuto il danese Mads Pedersen (Trek-Segafredo), terzo, che ha vinto lo sprint del primo gruppetto di inseguitori, che comprendeva anche il belga Wout Van Aert (Jumbo-Visma), quarto. Decima piazza per Matteo Trentin (UAE Team Emirates), miglior italiano. Per Pogacar \u00e8 il primo trionfo al Giro delle Fiandre, dopo i successi nella Liegi-Bastogne-Liegi e nel Giro di Lombardia (conquistato due volte). Nella sua speciale bacheca mancano ora solo due &#8220;monumento&#8221;: la Milano-Sanremo e la Parigi-Roubaix. &#8220;E&#8217; un momento che non dimenticher\u00f2 mai. Ho voluto attaccare presto, perch\u00e8 sentivo che avevo le gambe giuste. Mi posso anche ritirare dopo oggi, sono davvero contento&#8221;, ha detto lo sloveno dopo il successo. &#8220;Mi spiace non aver vinto la Sanremo ma per me quella \u00e8 la &#8216;monument\u00f2 pi\u00f9 difficile da vincere. Ora forse prover\u00f2 la Parigi-Roubaix&#8221;. Nel suo palmares vanta anche due vittorie al Tour de France (2020 e 2021). Incredibile l&#8217;azione di Pogacar, che \u00e8 partito quando mancavano 55 chilometri all&#8217;arrivo.<br \/>&#8211; foto LivePhotoSport &#8211;<br \/>(ITALPRESS).<\/div>\n<div id=\"div-gpt-ad-Messinaoggi.it-DSK-300x250-corpoart\" style=\"text-align:center;margin:0 auto;\"><\/div><\/p><div id=\"videoincontent\" style=\"clear:both\";><\/div>","protected":false},"excerpt":{"rendered":"<p>BRUXELLES (BELGIO) (ITALPRESS) &#8211; Tadej Pogacar ha vinto da autentico dominatore sui muri in pav\u00e8 dell&#8217;edizione numero 107 del Giro delle Fiandre. Lo sloveno dell&#8217;UAE Team Emirates \u00e8 giunto da solo al traguardo, dopo i ben 19 muri di questa tappa della &#8220;campagna del Nord&#8221;, e ha preceduto di 16&#8243; l&#8217;olandese Mathieu van der Poel [&hellip;]<\/p>\n","protected":false},"author":18,"featured_media":149343,"comment_status":"closed","ping_status":"closed","sticky":false,"template":"","format":"standard","meta":{"ub_ctt_via":"","_mi_skip_tracking":false},"categories":[446],"tags":[783],"featured_image_src":"https:\/\/www.messinaoggi.it\/website\/wp-content\/uploads\/2023\/04\/20230402_1442.jpg","author_info":{"display_name":"Admin","author_link":"https:\/\/www.messinaoggi.it\/website\/author\/admin\/"},"digistream_id":0,"digistream":false,"_links":{"self":[{"href":"https:\/\/www.messinaoggi.it\/website\/wp-json\/wp\/v2\/posts\/149342"}],"collection":[{"href":"https:\/\/www.messinaoggi.it\/website\/wp-json\/wp\/v2\/posts"}],"about":[{"href":"https:\/\/www.messinaoggi.it\/website\/wp-json\/wp\/v2\/types\/post"}],"author":[{"embeddable":true,"href":"https:\/\/www.messinaoggi.it\/website\/wp-json\/wp\/v2\/users\/18"}],"replies":[{"embeddable":true,"href":"https:\/\/www.messinaoggi.it\/website\/wp-json\/wp\/v2\/comments?post=149342"}],"version-history":[{"count":0,"href":"https:\/\/www.messinaoggi.it\/website\/wp-json\/wp\/v2\/posts\/149342\/revisions"}],"wp:featuredmedia":[{"embeddable":true,"href":"https:\/\/www.messinaoggi.it\/website\/wp-json\/wp\/v2\/media\/149343"}],"wp:attachment":[{"href":"https:\/\/www.messinaoggi.it\/website\/wp-json\/wp\/v2\/media?parent=149342"}],"wp:term":[{"taxonomy":"category","embeddable":true,"href":"https:\/\/www.messinaoggi.it\/website\/wp-json\/wp\/v2\/categories?post=149342"},{"taxonomy":"post_tag","embeddable":true,"href":"https:\/\/www.messinaoggi.it\/website\/wp-json\/wp\/v2\/tags?post=149342"}],"curies":[{"name":"wp","href":"https:\/\/api.w.org\/{rel}","templated":true}]}}