{"id":14921,"date":"2018-01-29T11:04:44","date_gmt":"2018-01-29T10:04:44","guid":{"rendered":"http:\/\/www.messinaoggi.it\/website\/?p=14921"},"modified":"2018-01-29T11:04:44","modified_gmt":"2018-01-29T10:04:44","slug":"rifiuti-musumeci-e-gentiloni-a-confronto-per-sbloccare-la-situazione","status":"publish","type":"post","link":"https:\/\/www.messinaoggi.it\/website\/2018\/01\/29\/rifiuti-musumeci-e-gentiloni-a-confronto-per-sbloccare-la-situazione\/","title":{"rendered":"Rifiuti, Musumeci e Gentiloni a confronto per sbloccare la situazione"},"content":{"rendered":"<p>&#8220;Io sarei di cattivo gusto se ponessi oggi al presidente Gentiloni il problema dei rifiuti. Sono convinto che la sua sensibilit\u00e0 gli suggerir\u00e0 la necessit\u00e0 magari di fare un breve confronto per capire se abbiamo fatto qualche passo avanti, e quindi sperare che nei prossimi giorni la situazione si possa sbloccare&#8221;. Lo ha detto il presidente della Regione, Nello\u00a0Musumeci, parlando dell&#8217;arrivo a Palermo del premier Paolo Gentiloni, in occasione della cerimonia di apertura per Palermo Capitale della Cultura.<br \/>\nNei giorni scorsi,\u00a0Musumeci\u00a0aveva incontrato Gentiloni a Palazzo Chigi per chiedergli i poteri speciali per i rifiuti. La situazione in molte discariche \u00e8 ormai al collasso nell&#8217;isola.<div id=\"div-gpt-ad-Messinaoggi.it-DSK-300x250-corpoart\" style=\"text-align:center;margin:0 auto;\"><\/div><\/p>\n<div id=\"videoincontent\" style=\"clear:both\";><\/div>","protected":false},"excerpt":{"rendered":"<p>&#8220;Io sarei di cattivo gusto se ponessi oggi al presidente Gentiloni il problema dei rifiuti. Sono convinto che la sua sensibilit\u00e0 gli suggerir\u00e0 la necessit\u00e0 magari di fare un breve confronto per capire se abbiamo fatto qualche passo avanti, e quindi sperare che nei prossimi giorni la situazione si possa sbloccare&#8221;. Lo ha detto il [&hellip;]<\/p>\n","protected":false},"author":2,"featured_media":6644,"comment_status":"closed","ping_status":"open","sticky":false,"template":"","format":"standard","meta":{"ub_ctt_via":"","_mi_skip_tracking":false},"categories":[11],"tags":[],"featured_image_src":"https:\/\/www.messinaoggi.it\/website\/wp-content\/uploads\/2017\/08\/rifiuti-zona-nord-2.jpg","author_info":{"display_name":"Redazione","author_link":"https:\/\/www.messinaoggi.it\/website\/author\/redazione\/"},"digistream_id":0,"digistream":false,"_links":{"self":[{"href":"https:\/\/www.messinaoggi.it\/website\/wp-json\/wp\/v2\/posts\/14921"}],"collection":[{"href":"https:\/\/www.messinaoggi.it\/website\/wp-json\/wp\/v2\/posts"}],"about":[{"href":"https:\/\/www.messinaoggi.it\/website\/wp-json\/wp\/v2\/types\/post"}],"author":[{"embeddable":true,"href":"https:\/\/www.messinaoggi.it\/website\/wp-json\/wp\/v2\/users\/2"}],"replies":[{"embeddable":true,"href":"https:\/\/www.messinaoggi.it\/website\/wp-json\/wp\/v2\/comments?post=14921"}],"version-history":[{"count":0,"href":"https:\/\/www.messinaoggi.it\/website\/wp-json\/wp\/v2\/posts\/14921\/revisions"}],"wp:featuredmedia":[{"embeddable":true,"href":"https:\/\/www.messinaoggi.it\/website\/wp-json\/wp\/v2\/media\/6644"}],"wp:attachment":[{"href":"https:\/\/www.messinaoggi.it\/website\/wp-json\/wp\/v2\/media?parent=14921"}],"wp:term":[{"taxonomy":"category","embeddable":true,"href":"https:\/\/www.messinaoggi.it\/website\/wp-json\/wp\/v2\/categories?post=14921"},{"taxonomy":"post_tag","embeddable":true,"href":"https:\/\/www.messinaoggi.it\/website\/wp-json\/wp\/v2\/tags?post=14921"}],"curies":[{"name":"wp","href":"https:\/\/api.w.org\/{rel}","templated":true}]}}