{"id":149198,"date":"2023-04-01T18:07:56","date_gmt":"2023-04-01T16:07:56","guid":{"rendered":"https:\/\/www.messinaoggi.it\/website\/2023\/04\/01\/in-15-mila-allopen-day-del-politecnico-di-milano\/"},"modified":"2023-04-01T18:07:56","modified_gmt":"2023-04-01T16:07:56","slug":"in-15-mila-allopen-day-del-politecnico-di-milano","status":"publish","type":"post","link":"https:\/\/www.messinaoggi.it\/website\/2023\/04\/01\/in-15-mila-allopen-day-del-politecnico-di-milano\/","title":{"rendered":"In 15 mila all\u2019Open Day del Politecnico di Milano"},"content":{"rendered":"<div>MILANO (ITALPRESS) &#8211; Il Politecnico di Milano ha aperto le sue porte per l&#8217;Open Day, la tradizionale giornata di orientamento per i ragazzi che frequenteranno l&#8217;ateneo in futuro. Secondo le stime, oltre 15mila giovani hanno affollato lo storico Campus Leonardo, dove hanno incontrato i professori, visitato i pi\u00f9 importanti e innovativi laboratori del Politecnico, si sono confrontati con gli studenti delle associazioni studentesche e hanno potuto frequentare dei seminari. <br \/>La giornata \u00e8 il culmine di oltre 2 settimane durante le quali sono stati presentati on line i corsi di studio di laurea e laurea magistrale. <br \/>Le proposte dell&#8217;ateneo milanese toccano moltissimi temi, con particolare attenzione alle nuove tecnologie e alla sostenibilit\u00e0 ambientale delle citt\u00e0.<br \/>La nuova rettrice, Donatella Sciuto, non poteva mancare all&#8217;appuntamento e si \u00e8 intrattenuta con gli studenti e con i futuri iscritti: &#8220;L&#8217;offerta formativa del Politecnico &#8211; ha affermato &#8211; ha l&#8217;obiettivo di formare i ragazzi che saranno i progettisti del futuro, un futuro sostenibile e inclusivo. Lo fa attraverso sia la parte degli spazi urbani, degli edifici, della mobilit\u00e0, con la chimica verde, l&#8217;energia, la progettazione di materiali e dispositivi elettronici. E&#8217; importante che i ragazzi abbiano un&#8217;offerta formativa di base che possa valere per i prossimi 40 anni ma che abbiano anche competenze interdisciplinari che si formano all&#8217;interno delle lauree magistrali&#8221;. <br \/>Per la prima volta quest&#8217;anno, durante l&#8217;OpenDay del Politecnico, tradizionale appuntamento della primavera milanese, c&#8217;\u00e8 stata la possibilit\u00e0 per i giovani di visitare gli stand anche delle lauree magistrali.<br \/>&#8220;Sia la transizione digitale &#8211; ha continuato Donatella Sciuto &#8211; che la transizione verde sono punti fondamentali dell&#8217;offerta formativa del Politecnico. Abbiamo da sempre un corso di ingegneria ambientale, poi abbiamo ingegneria energetica. Con le lauree magistrali ci si pu\u00f2 specializzare. C&#8217;\u00e8 per esempio un percorso dedicato all&#8217;Intelligenza Artificiale, uno alla Cyber Security. Ovviamente abbiamo un percorso dedicato alla realizzazione di macchine elettriche. Inoltre abbiamo percorsi che combinano competenze con altri atenei. In particolare con l&#8217;Universit\u00e0 Bocconi abbiamo due lauree magistrali, una sulla sostenibilit\u00e0 e sulla gestione della sostenibilit\u00e0 e una sull&#8217;organizzazione e la gestione dei rischi. Con Humanitas, abbiamo MedTec che mette insieme bioingegneria e medicina. Con la Statale invece condividiamo una parte che mette assieme la gestione dei dati biologici e ingegneria informatica&#8221;.<br \/>Dalla rettrice anche un consiglio a chi pensa di iscriversi al Politecnico: &#8220;Non bisogna avere paura. Ingegneria \u00e8 ritenuta molto difficile e si pensa che non sia adatta alle ragazze ma penso che, una persona che voglia impegnarsi in questo campo, non debba avere paura. Ci saranno s\u00ec dei fallimenti, ma i fallimenti fanno parte della vita e sono fondamentali per crescere&#8221;.<br \/>-foto ufficio stampa Politecnico Milano &#8211;<br \/>(ITALPRESS).<\/div>\n<div id=\"div-gpt-ad-Messinaoggi.it-DSK-300x250-corpoart\" style=\"text-align:center;margin:0 auto;\"><\/div><\/p><div id=\"videoincontent\" style=\"clear:both\";><\/div>","protected":false},"excerpt":{"rendered":"<p>MILANO (ITALPRESS) &#8211; Il Politecnico di Milano ha aperto le sue porte per l&#8217;Open Day, la tradizionale giornata di orientamento per i ragazzi che frequenteranno l&#8217;ateneo in futuro. Secondo le stime, oltre 15mila giovani hanno affollato lo storico Campus Leonardo, dove hanno incontrato i professori, visitato i pi\u00f9 importanti e innovativi laboratori del Politecnico, si [&hellip;]<\/p>\n","protected":false},"author":18,"featured_media":149199,"comment_status":"closed","ping_status":"closed","sticky":false,"template":"","format":"standard","meta":{"ub_ctt_via":"","_mi_skip_tracking":false},"categories":[446],"tags":[783],"featured_image_src":"https:\/\/www.messinaoggi.it\/website\/wp-content\/uploads\/2023\/04\/20230401_1162.jpg","author_info":{"display_name":"Admin","author_link":"https:\/\/www.messinaoggi.it\/website\/author\/admin\/"},"digistream_id":0,"digistream":false,"_links":{"self":[{"href":"https:\/\/www.messinaoggi.it\/website\/wp-json\/wp\/v2\/posts\/149198"}],"collection":[{"href":"https:\/\/www.messinaoggi.it\/website\/wp-json\/wp\/v2\/posts"}],"about":[{"href":"https:\/\/www.messinaoggi.it\/website\/wp-json\/wp\/v2\/types\/post"}],"author":[{"embeddable":true,"href":"https:\/\/www.messinaoggi.it\/website\/wp-json\/wp\/v2\/users\/18"}],"replies":[{"embeddable":true,"href":"https:\/\/www.messinaoggi.it\/website\/wp-json\/wp\/v2\/comments?post=149198"}],"version-history":[{"count":0,"href":"https:\/\/www.messinaoggi.it\/website\/wp-json\/wp\/v2\/posts\/149198\/revisions"}],"wp:featuredmedia":[{"embeddable":true,"href":"https:\/\/www.messinaoggi.it\/website\/wp-json\/wp\/v2\/media\/149199"}],"wp:attachment":[{"href":"https:\/\/www.messinaoggi.it\/website\/wp-json\/wp\/v2\/media?parent=149198"}],"wp:term":[{"taxonomy":"category","embeddable":true,"href":"https:\/\/www.messinaoggi.it\/website\/wp-json\/wp\/v2\/categories?post=149198"},{"taxonomy":"post_tag","embeddable":true,"href":"https:\/\/www.messinaoggi.it\/website\/wp-json\/wp\/v2\/tags?post=149198"}],"curies":[{"name":"wp","href":"https:\/\/api.w.org\/{rel}","templated":true}]}}