{"id":149158,"date":"2023-04-01T09:07:58","date_gmt":"2023-04-01T07:07:58","guid":{"rendered":"https:\/\/www.messinaoggi.it\/website\/2023\/04\/01\/giorgetti-il-fisco-premi-i-piu-bravi-affinche-migliorino\/"},"modified":"2023-04-01T09:09:14","modified_gmt":"2023-04-01T07:09:14","slug":"giorgetti-il-fisco-premi-i-piu-bravi-affinche-migliorino","status":"publish","type":"post","link":"https:\/\/www.messinaoggi.it\/website\/2023\/04\/01\/giorgetti-il-fisco-premi-i-piu-bravi-affinche-migliorino\/","title":{"rendered":"Giorgetti \u201cIl fisco premi i pi\u00f9 bravi affinch\u00e8 migliorino\u201d"},"content":{"rendered":"<div>ROMA (ITALPRESS) &#8211; &#8220;Le previsioni che normalmente fa il Mef sulla crescita sono molto prudenti. Ma \u00e8 anche vero che a volte vengono superate dalla realt\u00e0 e quindi questo gi\u00e0 di per s\u00e8 \u00e8 di buon auspicio&#8221;. E&#8217; quanto dichiara, in una intervista al Corriere della Sera, il ministro dell&#8217;Economia, Giancarlo Giorgetti, aggiungendo: &#8220;Attorno al nostro Paese c&#8217;\u00e8 un sentimento di prudenza in qualche caso persino di sfiducia anche da parte delle istituzioni internazionali che continuano a sottostimare le nostre potenzialit\u00e0. Io sono convinto che, al di l\u00e0 di quello che \u00e8 contenuto anche nei documenti ufficiali di governo che ovviamente devono scontare un atteggiamento cautelativo, le potenzialit\u00e0 del Paese gi\u00e0 da quest&#8217;anno potranno esprimere dei risultati superiori&#8221;.<br \/>\n&#8220;L&#8217;obiettivo e l&#8217;ambizione che il governo e tutti noi abbiamo &#8211; sottolinea Giorgetti -, \u00e8 quello di arrivare a delle cifre importanti, al netto di interventi o di situazioni totalmente eccezionali come quelle che si sono registrate negli anni scorsi. Quindi il vero trade off \u00e8 tra una politica di bilancio che dovr\u00e0 tener conto di quelle regole, magari nuove, del Patto di stabilit\u00e0 e crescita. E la capacit\u00e0 degli imprenditori italiani e dell&#8217;economia italiana di superare tutti questi limiti di sistema e fare delle performance straordinarie che sono testimoniate dall&#8217;incredibile risultato dell&#8217;export italiano anche nel 2022&#8221;.<br \/>\n&#8220;Premesso che appunto bisogna valutare le deleghe non tanto come iniziano, ma come finiscono e se finiscono, visti i passi falsi numerosi in passato &#8211; aggiunge il Ministro -. L&#8217;ambizione \u00e8 quella di riscrivere l&#8217;impianto fiscale rispetto a quello disegnato negli anni 70 perch\u00e8 la realt\u00e0 dell&#8217;economia \u00e8 totalmente cambiata&#8221;.<br \/>\n&#8220;La filosofia di fondo &#8211; spiega &#8211; \u00e8 esattamente volta a premiare chi, con fiducia, investa nel futuro. Quindi un sistema di tassazione privilegiato per quelle imprese che investono, che assumono, che creano occupazione, che creano ricchezza&#8221;. &#8220;La logica della flat tax &#8211; prosegue &#8211; \u00e8 esattamente questa. Premiare i bravi affinch\u00e8 diventino migliori. Deve essere uno sprono in qualche modo a fare sempre di pi\u00f9 e superare la logica in cui ci si \u00e8 adagiati negli anni. Una logica del sussidio. Con questa logica il Paese non va nessuna parte. E aggiungo io, con un tema di cui si parla poco, la tutela delle famiglie numerose. L&#8217;impatto demografico sar\u00e0 devastante&#8221;.<br \/>\n&#8220;Noi &#8211; sottolinea il Ministro &#8211; abbiamo vissuto questi tre anni, una situazione in cui le regole europee di disciplina di bilancio, il patto di stabilit\u00e0, erano sospese. Era possibile immaginare bonus, crediti di imposta di ogni tipo al di fuori di ogni regola. Basti vedere i livelli di indebitamento sul Pil fatti nel &#8217;21 e &#8217;22. Dall&#8217;anno prossimo le regole, sebbene riformate come auspichiamo, torneranno in vigore e quindi noi dobbiamo immaginare un&#8217;uscita graduale e il pi\u00f9 possibile ordinata da questo sistema di bonus di sussidi. Diverso \u00e8 il discorso di come utilizzare le risorse pubbliche per promuovere un&#8217;offerta, un&#8217;offerta nuova. Si guardi agli Stati Uniti dove la patria del capitalismo pi\u00f9 sfrenato usa i sussidi pubblici per l&#8217;Inflaction reduction act (Ira)&#8221;.<br \/>\ncredit photo agenziafotogramma.it<br \/>\n(ITALPRESS).<\/div>\n<div id=\"div-gpt-ad-Messinaoggi.it-DSK-300x250-corpoart\" style=\"text-align:center;margin:0 auto;\"><\/div><\/p><div id=\"videoincontent\" style=\"clear:both\";><\/div>","protected":false},"excerpt":{"rendered":"<p>ROMA (ITALPRESS) &#8211; &#8220;Le previsioni che normalmente fa il Mef sulla crescita sono molto prudenti. Ma \u00e8 anche vero che a volte vengono superate dalla realt\u00e0 e quindi questo gi\u00e0 di per s\u00e8 \u00e8 di buon auspicio&#8221;. E&#8217; quanto dichiara, in una intervista al Corriere della Sera, il ministro dell&#8217;Economia, Giancarlo Giorgetti, aggiungendo: &#8220;Attorno al [&hellip;]<\/p>\n","protected":false},"author":18,"featured_media":149159,"comment_status":"closed","ping_status":"closed","sticky":false,"template":"","format":"standard","meta":{"ub_ctt_via":"","_mi_skip_tracking":false},"categories":[446,4],"tags":[783],"featured_image_src":"https:\/\/www.messinaoggi.it\/website\/wp-content\/uploads\/2023\/04\/20230401_0110.jpg","author_info":{"display_name":"Admin","author_link":"https:\/\/www.messinaoggi.it\/website\/author\/admin\/"},"digistream_id":0,"digistream":false,"_links":{"self":[{"href":"https:\/\/www.messinaoggi.it\/website\/wp-json\/wp\/v2\/posts\/149158"}],"collection":[{"href":"https:\/\/www.messinaoggi.it\/website\/wp-json\/wp\/v2\/posts"}],"about":[{"href":"https:\/\/www.messinaoggi.it\/website\/wp-json\/wp\/v2\/types\/post"}],"author":[{"embeddable":true,"href":"https:\/\/www.messinaoggi.it\/website\/wp-json\/wp\/v2\/users\/18"}],"replies":[{"embeddable":true,"href":"https:\/\/www.messinaoggi.it\/website\/wp-json\/wp\/v2\/comments?post=149158"}],"version-history":[{"count":1,"href":"https:\/\/www.messinaoggi.it\/website\/wp-json\/wp\/v2\/posts\/149158\/revisions"}],"predecessor-version":[{"id":149162,"href":"https:\/\/www.messinaoggi.it\/website\/wp-json\/wp\/v2\/posts\/149158\/revisions\/149162"}],"wp:featuredmedia":[{"embeddable":true,"href":"https:\/\/www.messinaoggi.it\/website\/wp-json\/wp\/v2\/media\/149159"}],"wp:attachment":[{"href":"https:\/\/www.messinaoggi.it\/website\/wp-json\/wp\/v2\/media?parent=149158"}],"wp:term":[{"taxonomy":"category","embeddable":true,"href":"https:\/\/www.messinaoggi.it\/website\/wp-json\/wp\/v2\/categories?post=149158"},{"taxonomy":"post_tag","embeddable":true,"href":"https:\/\/www.messinaoggi.it\/website\/wp-json\/wp\/v2\/tags?post=149158"}],"curies":[{"name":"wp","href":"https:\/\/api.w.org\/{rel}","templated":true}]}}