{"id":149152,"date":"2023-04-01T09:07:51","date_gmt":"2023-04-01T07:07:51","guid":{"rendered":"https:\/\/www.messinaoggi.it\/website\/2023\/04\/01\/la-russa-basta-non-parlero-piu-di-fatti-storici\/"},"modified":"2023-04-01T09:07:51","modified_gmt":"2023-04-01T07:07:51","slug":"la-russa-basta-non-parlero-piu-di-fatti-storici","status":"publish","type":"post","link":"https:\/\/www.messinaoggi.it\/website\/2023\/04\/01\/la-russa-basta-non-parlero-piu-di-fatti-storici\/","title":{"rendered":"La Russa \u201cBasta, non parler\u00f2 pi\u00f9 di fatti storici\u201d"},"content":{"rendered":"<div>ROMA (ITALPRESS) &#8211; &#8220;Basta, mi sono stancato. D&#8217;ora in poi non parler\u00f2 pi\u00f9 di fatti storici, solo di attualit\u00e0, e mi aspetto che mi si giudichi su quello che faccio e dico su temi di attualit\u00e0, non sul passato del quale, semmai, parler\u00f2 con gli storici e non con i giornalisti. Quindi non fatemi pi\u00f9 domande su queste cose perch\u00e8 non rispondo&#8221;. Lo dice in un colloquio con il Corriere della Sera il presidente del Senato, Ignazio La Russa, che non si aspettava la bufera dopo la sua intervista al podcast di Libero Quotidiano con il condirettore Pietro Senaldi, durante la quale aveva parlato un p\u00f2 di tutto, anche &#8220;aprendo in qualche modo alle adozioni gay, e non \u00e8 scontato da un esponente della destra come me. Ho detto che io preferisco le adozioni di coppie eterosessuali ma anche che si pu\u00f2 trovare magari un punto d&#8217;incontro. Era proprio un&#8217;occasione per dialogare&#8221;. &#8220;E invece &#8211; aggiunge &#8211; tutti si attaccano a una parola, la mistificano, fanno gli indignati, parte uno e tutti pronti col il trenino di dichiarazioni dietro, come i bambini alle elementari&#8230; Io non ho mai detto &#8216;atto ignobil\u00e8 su via Rasella. Ci furono anche processi, ci sono studi su quell&#8217;azione, ma appunto basta, non mi va di parlare pi\u00f9 di queste cose. Perch\u00e8 la verit\u00e0 \u00e8 che le opposizioni montano casi sul nulla&#8221;. &#8220;Mi dispiace &#8211; prosegue &#8211; se Ruth Dureghello, che io stimo e apprezzo, ci \u00e8 rimasta male. Forse avrei potuto specificare meglio che si trattava effettivamente di nazisti, quello s\u00ec, ma mi pareva una cosa ovvia. Per\u00f2 in effetti potevo essere pi\u00f9 preciso su quello. Ma la mia intenzione era proprio spegnere la polemica assurda che si era creata sulle parole della Meloni, non attizzarla. Perch\u00e8 se avessi voluto su via Rasella avrei detto ben altro&#8230;&#8221;.<br \/>\n&#8220;Che appunto &#8211; aggiunge &#8211; ce ne sono stati di ben pi\u00f9 gloriosi di atti della Resistenza, come il sacrificio di Salvo D&#8217;Acquisto, che si consegn\u00f2 ai nazisti senza aver fatto nulla solo per salvare la vita a cittadini innocenti. E avrei potuto ricordare che a via Rasella non fu uno scontro a fuoco faccia a faccia con i nazisti: si trattava di un battaglione che tornava in caserma colpito con una bomba, e morirono anche due passanti innocenti, italiani&#8230; Eppure mica le ho dette queste cose, proprio perch\u00e8 non volevo si creassero problemi, volevo chiuderli. Io che la storia la conosco ne citerei altri di atti gloriosi&#8230;&#8221;. &#8220;Loro vogliono solo montare polemica su cose di 70 anni fa, anzich\u00e8 giudicarmi per come faccio il mio lavoro&#8221;, sottolinea La Russa, che alla domanda se sar\u00e0 presente alle celebrazioni del 25 aprile, risponde: &#8220;Non l&#8217;ho mai detto. Ho detto che ci sono stato in passato ma adesso non dico pi\u00f9 niente. Quello che far\u00f2 lo saprete il 22, 23 aprile, non prima, sar\u00e0 una sorpresa&#8230;&#8221;.<br \/>\ncredit photo agenziafotogramma.it<br \/>\n(ITALPRESS).<\/div>\n<div id=\"div-gpt-ad-Messinaoggi.it-DSK-300x250-corpoart\" style=\"text-align:center;margin:0 auto;\"><\/div><\/p><div id=\"videoincontent\" style=\"clear:both\";><\/div>","protected":false},"excerpt":{"rendered":"<p>ROMA (ITALPRESS) &#8211; &#8220;Basta, mi sono stancato. D&#8217;ora in poi non parler\u00f2 pi\u00f9 di fatti storici, solo di attualit\u00e0, e mi aspetto che mi si giudichi su quello che faccio e dico su temi di attualit\u00e0, non sul passato del quale, semmai, parler\u00f2 con gli storici e non con i giornalisti. Quindi non fatemi pi\u00f9 [&hellip;]<\/p>\n","protected":false},"author":18,"featured_media":149153,"comment_status":"closed","ping_status":"closed","sticky":false,"template":"","format":"standard","meta":{"ub_ctt_via":"","_mi_skip_tracking":false},"categories":[446],"tags":[783],"featured_image_src":"https:\/\/www.messinaoggi.it\/website\/wp-content\/uploads\/2023\/04\/20230401_0089.jpg","author_info":{"display_name":"Admin","author_link":"https:\/\/www.messinaoggi.it\/website\/author\/admin\/"},"digistream_id":0,"digistream":false,"_links":{"self":[{"href":"https:\/\/www.messinaoggi.it\/website\/wp-json\/wp\/v2\/posts\/149152"}],"collection":[{"href":"https:\/\/www.messinaoggi.it\/website\/wp-json\/wp\/v2\/posts"}],"about":[{"href":"https:\/\/www.messinaoggi.it\/website\/wp-json\/wp\/v2\/types\/post"}],"author":[{"embeddable":true,"href":"https:\/\/www.messinaoggi.it\/website\/wp-json\/wp\/v2\/users\/18"}],"replies":[{"embeddable":true,"href":"https:\/\/www.messinaoggi.it\/website\/wp-json\/wp\/v2\/comments?post=149152"}],"version-history":[{"count":0,"href":"https:\/\/www.messinaoggi.it\/website\/wp-json\/wp\/v2\/posts\/149152\/revisions"}],"wp:featuredmedia":[{"embeddable":true,"href":"https:\/\/www.messinaoggi.it\/website\/wp-json\/wp\/v2\/media\/149153"}],"wp:attachment":[{"href":"https:\/\/www.messinaoggi.it\/website\/wp-json\/wp\/v2\/media?parent=149152"}],"wp:term":[{"taxonomy":"category","embeddable":true,"href":"https:\/\/www.messinaoggi.it\/website\/wp-json\/wp\/v2\/categories?post=149152"},{"taxonomy":"post_tag","embeddable":true,"href":"https:\/\/www.messinaoggi.it\/website\/wp-json\/wp\/v2\/tags?post=149152"}],"curies":[{"name":"wp","href":"https:\/\/api.w.org\/{rel}","templated":true}]}}