{"id":149120,"date":"2023-03-31T21:39:46","date_gmt":"2023-03-31T19:39:46","guid":{"rendered":"http:\/\/www.messinaoggi.it\/website\/?p=149120"},"modified":"2023-03-31T21:39:53","modified_gmt":"2023-03-31T19:39:53","slug":"il-padreterno-e-liberale-il-concetto-di-liberta-di-antonio-martino","status":"publish","type":"post","link":"https:\/\/www.messinaoggi.it\/website\/2023\/03\/31\/il-padreterno-e-liberale-il-concetto-di-liberta-di-antonio-martino\/","title":{"rendered":"&#8220;Il Padreterno \u00e8 Liberale&#8221;, il concetto di libert\u00e0 di Antonio Martino"},"content":{"rendered":"\n<p>I liberali catanesi si ritroveranno domani pomeriggio, presso la Societ\u00e0 Storica Catanese via Etnea 248, per dare vita al Circolo culturale \u201cAntonio Martino\u201d, ricordando la figura del grande economista liberale, messinese, gi\u00e0 ministro degli Esteri e della Difesa e tra i fondatori di Forza Italia. Pietro Ivan Maravigna &#8211; che del pensiero di Martino \u00e8 stato nella vita politica catanese uno dei pi\u00f9 affezionati seguaci, dialogando con la giornalista Debora Borgese &#8211; racconter\u00e0 il periodo \u201cliberale\u201ddi Forza Italia ed alcuni aneddoti personali, riportati nel recente libro di Nicola Porro dal titolo: &#8220;Il Padreterno \u00e8 Liberale\u201d. Si esaminer\u00e0 il concetto Libert\u00e0 di Martino intesa come libert\u00e0 economica. Partendo da un Amarcord liberale si guarder\u00e0 alle soluzioni che i liberali propongono per fare alzare l\u2019Italia dal lettino del medico, al ruolo oggi degli intellettuali liberali nell\u2019Italia del \u201cvaffa!\u201d Ed infine a cosa possono fare i liberali a Catania in previsione dell\u2019implementazione della direttiva europea \u201cBolkenstein\u201d su licenze balneari e liberalizzazione delle licenze nei mercati. Interverranno pure liberali storici quali l\u2019avv. Renato Murabito (gi\u00e0 presidente Aiop Catania e gi\u00e0 responsabile Sanit\u00e0 Confindustria, l\u2019avv. Santi Di Stefano, il dott. Marcello Majorana, il dott. Armando Gennaro<div id=\"div-gpt-ad-Messinaoggi.it-DSK-300x250-corpoart\" style=\"text-align:center;margin:0 auto;\"><\/div><\/p>\n<div id=\"videoincontent\" style=\"clear:both\";><\/div>","protected":false},"excerpt":{"rendered":"<p>I liberali catanesi si ritroveranno domani pomeriggio, presso la Societ\u00e0 Storica Catanese via Etnea 248, per dare vita al Circolo culturale \u201cAntonio Martino\u201d, ricordando la figura del grande economista liberale, messinese, gi\u00e0 ministro degli Esteri e della Difesa e tra i fondatori di Forza Italia. Pietro Ivan Maravigna &#8211; che del pensiero di Martino \u00e8 [&hellip;]<\/p>\n","protected":false},"author":4,"featured_media":149121,"comment_status":"open","ping_status":"open","sticky":false,"template":"","format":"standard","meta":{"ub_ctt_via":"","_mi_skip_tracking":false},"categories":[5],"tags":[4081,7273,7272],"featured_image_src":"https:\/\/www.messinaoggi.it\/website\/wp-content\/uploads\/2023\/03\/IMG-20230331-WA0025.jpg","author_info":{"display_name":"redme","author_link":"https:\/\/www.messinaoggi.it\/website\/author\/redme\/"},"digistream_id":0,"digistream":false,"_links":{"self":[{"href":"https:\/\/www.messinaoggi.it\/website\/wp-json\/wp\/v2\/posts\/149120"}],"collection":[{"href":"https:\/\/www.messinaoggi.it\/website\/wp-json\/wp\/v2\/posts"}],"about":[{"href":"https:\/\/www.messinaoggi.it\/website\/wp-json\/wp\/v2\/types\/post"}],"author":[{"embeddable":true,"href":"https:\/\/www.messinaoggi.it\/website\/wp-json\/wp\/v2\/users\/4"}],"replies":[{"embeddable":true,"href":"https:\/\/www.messinaoggi.it\/website\/wp-json\/wp\/v2\/comments?post=149120"}],"version-history":[{"count":1,"href":"https:\/\/www.messinaoggi.it\/website\/wp-json\/wp\/v2\/posts\/149120\/revisions"}],"predecessor-version":[{"id":149122,"href":"https:\/\/www.messinaoggi.it\/website\/wp-json\/wp\/v2\/posts\/149120\/revisions\/149122"}],"wp:featuredmedia":[{"embeddable":true,"href":"https:\/\/www.messinaoggi.it\/website\/wp-json\/wp\/v2\/media\/149121"}],"wp:attachment":[{"href":"https:\/\/www.messinaoggi.it\/website\/wp-json\/wp\/v2\/media?parent=149120"}],"wp:term":[{"taxonomy":"category","embeddable":true,"href":"https:\/\/www.messinaoggi.it\/website\/wp-json\/wp\/v2\/categories?post=149120"},{"taxonomy":"post_tag","embeddable":true,"href":"https:\/\/www.messinaoggi.it\/website\/wp-json\/wp\/v2\/tags?post=149120"}],"curies":[{"name":"wp","href":"https:\/\/api.w.org\/{rel}","templated":true}]}}