{"id":14910,"date":"2018-01-29T08:56:58","date_gmt":"2018-01-29T07:56:58","guid":{"rendered":"http:\/\/www.messinaoggi.it\/website\/?p=14910"},"modified":"2018-01-29T08:56:58","modified_gmt":"2018-01-29T07:56:58","slug":"verso-le-politiche-rinaldi-rinuncia-torna-in-pista-la-gullo-navarra-si-dimette-e-laccoto-vede-roma","status":"publish","type":"post","link":"https:\/\/www.messinaoggi.it\/website\/2018\/01\/29\/verso-le-politiche-rinaldi-rinuncia-torna-in-pista-la-gullo-navarra-si-dimette-e-laccoto-vede-roma\/","title":{"rendered":"Verso le Politiche: Rinaldi rinuncia, torna in pista la Gullo. Navarra si dimette e Laccoto &quot;vede&quot; Roma"},"content":{"rendered":"<p style=\"text-align: justify\">Il countdown \u00e8 partito, alle 20 arriva il triplice fischio per la presentazioni di Camera e Senato e non sono esclusi colpi di scena e soprattutto esclusioni eccellenti o impreviste. Una su tutte sembra quella di Franco Rinaldi, la cui candidatura al Collegio di Barcellona Pozzo di Gotto sembrava ormai cosa fatta. Quello dell\u2019ex deputato regionale \u00e8 un vero e proprio passo indietro, dopo aver capito che il proprio nome avrebbe scatenato divisioni e fratture.<div id=\"div-gpt-ad-Messinaoggi.it-DSK-300x250-corpoart\" style=\"text-align:center;margin:0 auto;\"><\/div><\/p>\n<p style=\"text-align: justify\">L\u2019area Genovese per\u00f2 \u00a0pu\u00f2 consolarsi con la candidatura\u00a0 di Mariella Gullo, deputata pattese pronta alla riconferma. Altro nome che ha fatto molto discutere \u00e8 quello di Matilde Siracusano. Il via libera arrivato direttamente da Silvio Berlusconi, sembrava aver blindato la candidatura dell\u2019ex assistente parlamentare di Pierferdinando Casini, ma nelle ultime qualcosa \u00e8 cambiato. Il nome della Siracusano ha provocato parecchie discussioni sui social, cos\u00ec al suo posto dovrebbe essere candidato un avvocato messinese. Non dovrebbero essere previste novit\u00e0 sul fronte Nino German\u00e0, che dovrebbe occupare il secondo posto del proporzionale a Messina.<div id=\"videoincontent\" style=\"clear:both\";><\/div><\/p>\n<div id=\"attachment_11696\" style=\"width: 310px\" class=\"wp-caption alignnone\"><img aria-describedby=\"caption-attachment-11696\" loading=\"lazy\" class=\"size-medium wp-image-11696\" src=\"http:\/\/www.messinaoggi.it\/website\/wp-content\/uploads\/2017\/11\/riunione-Sicilia-Futura-a-Cristo-Re-con-Navarra-messinaoggiMR-300x225.jpg\" alt=\"\" width=\"300\" height=\"225\" \/><p id=\"caption-attachment-11696\" class=\"wp-caption-text\">Da sx: Navarra, Versaci, Morano e Picciolo<\/p><\/div>\n<p style=\"text-align: justify\">Ma tutto pu\u00f2 ancora succedere. Sul fronte Partito Democratico invece \u00e8 certa la candidatura di Pietro Navarra come capolista del proporzionale alla Camera, ma da tempo le vicende Dem riguardano direttamente anche quelle dell\u2019Ateneo peloritano. Il Magnifico, infatti, tra due giorni rassegner\u00e0 le dimissioni ed \u00e8 gi\u00e0 caccia al successore. Da Saitta a Moschella passando per Cuzzocrea e Stagno d\u2019Alcontres i nomi pi\u00f9 caldi. Ormai certe le candidature di Beppe Picciolo, leader di Sicilia Futura, e Fabio D\u2019Amore, presidente dell\u2019Ersu, al Senato.<\/p>\n<p style=\"text-align: justify\">Al proporzionale trovare posto Giuseppe Laccoto come quarto, che ha gi\u00e0 prenotato un biglietto per Roma, considerato che Navarra \u00e8 destinato a vincere l&#8217;uninominale di Messina, la Boschi quello di Bolzano e la Di Giorgi dovrebbe svettare a Firenze. Per l\u2019ex deputato dell\u2019Ars, decisiva la vicinanza a Matteo Renzi, che pu\u00f2 contare su una maggioranza bulgara all\u2019interno delle liste. Tra gli esclusi, il nome illustre \u00e8 certamente quello di Gianpiero D\u2019Alia, che addirittura ha annunciato il suo addio alla scena politica. Ma in molti sarebbero pronti a scommettere ad un suo possibile dietrofront, magari per un incarico di sottogoverno o come possibile sindaco di Messina. Ma per questo ci sar\u00e0 tempo, adesso si devono solo far quadrare i conti entro le 20.<\/p>\n","protected":false},"excerpt":{"rendered":"<p>Il countdown \u00e8 partito, alle 20 arriva il triplice fischio per la presentazioni di Camera e Senato e non sono esclusi colpi di scena e soprattutto esclusioni eccellenti o impreviste. Una su tutte sembra quella di Franco Rinaldi, la cui candidatura al Collegio di Barcellona Pozzo di Gotto sembrava ormai cosa fatta. Quello dell\u2019ex deputato [&hellip;]<\/p>\n","protected":false},"author":1,"featured_media":1973,"comment_status":"closed","ping_status":"open","sticky":false,"template":"","format":"standard","meta":{"ub_ctt_via":"","_mi_skip_tracking":false},"categories":[6],"tags":[],"featured_image_src":"https:\/\/www.messinaoggi.it\/website\/wp-content\/uploads\/2017\/06\/Gullo-Rinaldi-2.jpg","author_info":{"display_name":"admin@admin.com","author_link":"https:\/\/www.messinaoggi.it\/website\/author\/adminadmin-com\/"},"digistream_id":0,"digistream":false,"_links":{"self":[{"href":"https:\/\/www.messinaoggi.it\/website\/wp-json\/wp\/v2\/posts\/14910"}],"collection":[{"href":"https:\/\/www.messinaoggi.it\/website\/wp-json\/wp\/v2\/posts"}],"about":[{"href":"https:\/\/www.messinaoggi.it\/website\/wp-json\/wp\/v2\/types\/post"}],"author":[{"embeddable":true,"href":"https:\/\/www.messinaoggi.it\/website\/wp-json\/wp\/v2\/users\/1"}],"replies":[{"embeddable":true,"href":"https:\/\/www.messinaoggi.it\/website\/wp-json\/wp\/v2\/comments?post=14910"}],"version-history":[{"count":0,"href":"https:\/\/www.messinaoggi.it\/website\/wp-json\/wp\/v2\/posts\/14910\/revisions"}],"wp:featuredmedia":[{"embeddable":true,"href":"https:\/\/www.messinaoggi.it\/website\/wp-json\/wp\/v2\/media\/1973"}],"wp:attachment":[{"href":"https:\/\/www.messinaoggi.it\/website\/wp-json\/wp\/v2\/media?parent=14910"}],"wp:term":[{"taxonomy":"category","embeddable":true,"href":"https:\/\/www.messinaoggi.it\/website\/wp-json\/wp\/v2\/categories?post=14910"},{"taxonomy":"post_tag","embeddable":true,"href":"https:\/\/www.messinaoggi.it\/website\/wp-json\/wp\/v2\/tags?post=14910"}],"curies":[{"name":"wp","href":"https:\/\/api.w.org\/{rel}","templated":true}]}}