{"id":149077,"date":"2023-03-31T18:07:51","date_gmt":"2023-03-31T16:07:51","guid":{"rendered":"https:\/\/www.messinaoggi.it\/website\/2023\/03\/31\/fisco-meloni-noi-non-facciamo-condoni\/"},"modified":"2023-03-31T18:07:51","modified_gmt":"2023-03-31T16:07:51","slug":"fisco-meloni-noi-non-facciamo-condoni","status":"publish","type":"post","link":"https:\/\/www.messinaoggi.it\/website\/2023\/03\/31\/fisco-meloni-noi-non-facciamo-condoni\/","title":{"rendered":"Fisco, Meloni \u201cNoi non facciamo condoni\u201d"},"content":{"rendered":"<div>ROMA (ITALPRESS) &#8211; &#8220;Probabilmente la cosa pi\u00f9 significativa delle ultime settimane \u00e8 la riforma fiscale. E&#8217; la prima tra le grandi riforme che abbiamo preso l&#8217;impegno di portare avanti per liberare le energie di questa nazione e costruire un sistema pi\u00f9 giusto, pi\u00f9 efficace, pi\u00f9 efficiente&#8221;. Lo ha detto Giorgia Meloni, presidente del Consiglio, nella rubrica &#8220;Gli appunti di Giorgia&#8221; pubblicata sui suoi canali social.<br \/>&#8220;Abbiamo licenziato nel Consiglio di ministri la legge delega &#8211; ha continuato &#8211; e abbiamo al massimo 24 mesi per completarla con i decreti necessari. Alla fine di questo lavoro avremo un fisco completamente nuovo, dopo 50 anni dall&#8217;ultima riforma che \u00e8 stata fatta su questa materia. L&#8217;ultima riforma sul fisco \u00e8 stata fatta prima che io nascessi&#8221;, ha aggiunto. Tra gli obiettivi &#8220;il primo \u00e8 abbassare le tasse per tutti, ovviamente con particolare attenzione ai redditi bassi e medi &#8211; ha affermato &#8211; con una progressiva riduzione delle aliquote Irpef che immaginiamo di produrre&#8221;.<br \/>&#8220;Nell&#8217;ultimo decreto approvato dal Cdm c&#8217;\u00e8 anche una norma che proroga i termini per regolarizzare la propria posizione a chi ha un contenzioso aperto con il fisco. E&#8217; un altro passo verso la tregua fiscale. C&#8217;\u00e8 anche una norma che adegua alla nostra tregua fiscale le attuali norme penali. Su questo tema \u00e8 stata fatta molta polemica e molta confusione. L&#8217;opposizione dice che abbiamo introdotto un condono tributario penale. E&#8217; falso. Noi condoni non ne facciamo&#8221;, ha sottolineato Meloni.<br \/>&#8220;Noi, che abbiamo previsto una rateizzazione per i pagamenti di chi vuole adeguarsi &#8211; ha continuato -, ci limitiamo ad adeguare questa norma stabilendo che il processo rimane sospeso fino a quando l&#8217;Agenzia delle Entrate non conferma che stai pagando regolarmente le rate. Facciamo chiarezza &#8211; ha aggiunto &#8211; su molte cose false che sento dire contro il governo ma che poi non corrispondono a verit\u00e0&#8221;.<div id=\"div-gpt-ad-Messinaoggi.it-DSK-300x250-corpoart\" style=\"text-align:center;margin:0 auto;\"><\/div><\/p>\n<p>&#8211; foto Agenziafotogramma.it &#8211;<div id=\"videoincontent\" style=\"clear:both\";><\/div><\/p>\n<p>(ITALPRESS).<\/p><\/div>\n","protected":false},"excerpt":{"rendered":"<p>ROMA (ITALPRESS) &#8211; &#8220;Probabilmente la cosa pi\u00f9 significativa delle ultime settimane \u00e8 la riforma fiscale. E&#8217; la prima tra le grandi riforme che abbiamo preso l&#8217;impegno di portare avanti per liberare le energie di questa nazione e costruire un sistema pi\u00f9 giusto, pi\u00f9 efficace, pi\u00f9 efficiente&#8221;. Lo ha detto Giorgia Meloni, presidente del Consiglio, nella [&hellip;]<\/p>\n","protected":false},"author":18,"featured_media":149078,"comment_status":"closed","ping_status":"closed","sticky":false,"template":"","format":"standard","meta":{"ub_ctt_via":"","_mi_skip_tracking":false},"categories":[446],"tags":[783],"featured_image_src":"https:\/\/www.messinaoggi.it\/website\/wp-content\/uploads\/2023\/03\/20230331_2015.jpg","author_info":{"display_name":"Admin","author_link":"https:\/\/www.messinaoggi.it\/website\/author\/admin\/"},"digistream_id":0,"digistream":false,"_links":{"self":[{"href":"https:\/\/www.messinaoggi.it\/website\/wp-json\/wp\/v2\/posts\/149077"}],"collection":[{"href":"https:\/\/www.messinaoggi.it\/website\/wp-json\/wp\/v2\/posts"}],"about":[{"href":"https:\/\/www.messinaoggi.it\/website\/wp-json\/wp\/v2\/types\/post"}],"author":[{"embeddable":true,"href":"https:\/\/www.messinaoggi.it\/website\/wp-json\/wp\/v2\/users\/18"}],"replies":[{"embeddable":true,"href":"https:\/\/www.messinaoggi.it\/website\/wp-json\/wp\/v2\/comments?post=149077"}],"version-history":[{"count":0,"href":"https:\/\/www.messinaoggi.it\/website\/wp-json\/wp\/v2\/posts\/149077\/revisions"}],"wp:featuredmedia":[{"embeddable":true,"href":"https:\/\/www.messinaoggi.it\/website\/wp-json\/wp\/v2\/media\/149078"}],"wp:attachment":[{"href":"https:\/\/www.messinaoggi.it\/website\/wp-json\/wp\/v2\/media?parent=149077"}],"wp:term":[{"taxonomy":"category","embeddable":true,"href":"https:\/\/www.messinaoggi.it\/website\/wp-json\/wp\/v2\/categories?post=149077"},{"taxonomy":"post_tag","embeddable":true,"href":"https:\/\/www.messinaoggi.it\/website\/wp-json\/wp\/v2\/tags?post=149077"}],"curies":[{"name":"wp","href":"https:\/\/api.w.org\/{rel}","templated":true}]}}