{"id":149043,"date":"2023-03-31T17:07:55","date_gmt":"2023-03-31T15:07:55","guid":{"rendered":"https:\/\/www.messinaoggi.it\/website\/2023\/03\/31\/mattarella-la-liberta-e-piena-solo-se-ne-godono-tutti\/"},"modified":"2023-03-31T17:07:55","modified_gmt":"2023-03-31T15:07:55","slug":"mattarella-la-liberta-e-piena-solo-se-ne-godono-tutti","status":"publish","type":"post","link":"https:\/\/www.messinaoggi.it\/website\/2023\/03\/31\/mattarella-la-liberta-e-piena-solo-se-ne-godono-tutti\/","title":{"rendered":"Mattarella \u201cLa libert\u00e0 \u00e8 piena solo se ne godono tutti\u201d"},"content":{"rendered":"<div>ROMA (ITALPRESS) &#8211; &#8220;Nel diritto romano vi \u00e8 stato un grande passo avanti di civilt\u00e0, quando si \u00e8 detto che la libert\u00e0 di ciascuno trova il limite in quella degli altri. In realt\u00e0 si \u00e8 superato questo principio, perch\u00e8 l&#8217;umanit\u00e0 va avanti nella sua civilt\u00e0 malgrado guerre di aggressione, malgrado oppressioni, malgrado negazione di diritto allo studio, come avviene in alcuni Paesi nei confronti delle donne, ma l&#8217;umanit\u00e0 avanza nella sua civilt\u00e0 e la libert\u00e0 in realt\u00e0 non trova un limite in quella degli altri ma si realizza insieme a quella degli altri. Non \u00e8 piena se coloro che sono nella stessa comunit\u00e0 non ne godono ugualmente, e voi questo lo avete interpretato, per questo vi sono grato&#8221;. Lo ha detto il presidente della Repubblica, Sergio Mattarella, in occasione della consegna al Quirinale delle onorificenze dell&#8217;Ordine al Merito della Repubblica Italiana conferite motu proprio.<div id=\"div-gpt-ad-Messinaoggi.it-DSK-300x250-corpoart\" style=\"text-align:center;margin:0 auto;\"><\/div><\/p>\n<p>&#8211; foto ufficio stampa Quirinale &#8211;<div id=\"videoincontent\" style=\"clear:both\";><\/div><\/p>\n<p>(ITALPRESS).<\/p><\/div>\n","protected":false},"excerpt":{"rendered":"<p>ROMA (ITALPRESS) &#8211; &#8220;Nel diritto romano vi \u00e8 stato un grande passo avanti di civilt\u00e0, quando si \u00e8 detto che la libert\u00e0 di ciascuno trova il limite in quella degli altri. In realt\u00e0 si \u00e8 superato questo principio, perch\u00e8 l&#8217;umanit\u00e0 va avanti nella sua civilt\u00e0 malgrado guerre di aggressione, malgrado oppressioni, malgrado negazione di diritto [&hellip;]<\/p>\n","protected":false},"author":18,"featured_media":149044,"comment_status":"closed","ping_status":"closed","sticky":false,"template":"","format":"standard","meta":{"ub_ctt_via":"","_mi_skip_tracking":false},"categories":[446],"tags":[783],"featured_image_src":"https:\/\/www.messinaoggi.it\/website\/wp-content\/uploads\/2023\/03\/20230331_1704.jpg","author_info":{"display_name":"Admin","author_link":"https:\/\/www.messinaoggi.it\/website\/author\/admin\/"},"digistream_id":0,"digistream":false,"_links":{"self":[{"href":"https:\/\/www.messinaoggi.it\/website\/wp-json\/wp\/v2\/posts\/149043"}],"collection":[{"href":"https:\/\/www.messinaoggi.it\/website\/wp-json\/wp\/v2\/posts"}],"about":[{"href":"https:\/\/www.messinaoggi.it\/website\/wp-json\/wp\/v2\/types\/post"}],"author":[{"embeddable":true,"href":"https:\/\/www.messinaoggi.it\/website\/wp-json\/wp\/v2\/users\/18"}],"replies":[{"embeddable":true,"href":"https:\/\/www.messinaoggi.it\/website\/wp-json\/wp\/v2\/comments?post=149043"}],"version-history":[{"count":0,"href":"https:\/\/www.messinaoggi.it\/website\/wp-json\/wp\/v2\/posts\/149043\/revisions"}],"wp:featuredmedia":[{"embeddable":true,"href":"https:\/\/www.messinaoggi.it\/website\/wp-json\/wp\/v2\/media\/149044"}],"wp:attachment":[{"href":"https:\/\/www.messinaoggi.it\/website\/wp-json\/wp\/v2\/media?parent=149043"}],"wp:term":[{"taxonomy":"category","embeddable":true,"href":"https:\/\/www.messinaoggi.it\/website\/wp-json\/wp\/v2\/categories?post=149043"},{"taxonomy":"post_tag","embeddable":true,"href":"https:\/\/www.messinaoggi.it\/website\/wp-json\/wp\/v2\/tags?post=149043"}],"curies":[{"name":"wp","href":"https:\/\/api.w.org\/{rel}","templated":true}]}}