{"id":148983,"date":"2023-03-31T14:07:51","date_gmt":"2023-03-31T12:07:51","guid":{"rendered":"https:\/\/www.messinaoggi.it\/website\/2023\/03\/31\/agrigento-proclamata-capitale-italiana-della-cultura-2025\/"},"modified":"2023-03-31T14:56:05","modified_gmt":"2023-03-31T12:56:05","slug":"agrigento-proclamata-capitale-italiana-della-cultura-2025","status":"publish","type":"post","link":"https:\/\/www.messinaoggi.it\/website\/2023\/03\/31\/agrigento-proclamata-capitale-italiana-della-cultura-2025\/","title":{"rendered":"Agrigento proclamata Capitale italiana della Cultura 2025"},"content":{"rendered":"<div>ROMA (ITALPRESS) &#8211; Sar\u00e0 Agrigento la Capitale della Cultura 2025. A dare l&#8217;annuncio il ministro della Cultura, Gennaro Sangiuliano, che ha ricordato come questo riconoscimento &#8220;consente per un anno di accendere in riflettori su quel territorio. Credo che una delle grandi ricchezze italiane, unicum nel mondo, sia la ricchezza e la pluralit\u00e0 dei suoi luoghi, la ricchezza e l&#8217;articolazione dei luoghi \u00e8 qualcosa che abbiamo solo noi e viene dalla nostra storia. L&#8217;Italia &#8211; ha evidenziato il ministro &#8211; \u00e8 la superpotenza della cultura e la storia in questo ci ha baciati. Noi dobbiamo essere orgogliosi delle nostre citt\u00e0 e dei nostri territori. Dico sempre che l&#8217;Italia ha due grandi pilastri su cui puntare: le imprese e la cultura. La cultura che si trova all&#8217;interno dei territori perch\u00e8 ogni comune, anche il pi\u00f9 piccolo, \u00e8 uno scrigno di tesori&#8221;. <br \/>Oltre alla citt\u00e0 vincitrice del titolo, che ha durata di un anno, altre nove le finaliste: Aosta, Assisi, Asti, Bagnoregio, Monte Sant&#8217;Angelo, Orvieto, Pescina, Roccasecca e Spoleto. La prima citt\u00e0 ad aggiudicarsi il riconoscimento fu Mantova nel 2016, poi Pistoia (2017), Palermo (2018) e Parma nel 2020, prorogato anche nel 2021 a causa della pandemia. Lo scorso anno Procida, nel 2023 Bergamo e Brescia. Nel corso della cerimonia il ministro Sangiuliano ha annunciato altre due novit\u00e0. &#8220;Dal prossimo anno, accanto alla Capitale del Libro e della Cultura, noi avremo la capitale dell&#8217;Arte contemporanea. Su proposto dell&#8217;Unione europea, tra poco avremo anche la Capitale del Mediterraneo. Ci sar\u00e0 quindi questa ulteriore possibilit\u00e0&#8221;, ha concluso. <br \/>Soddisfazione per il sindaco di Agrigento, Franco Miccich\u00e8, che nel corso della cerimonia di proclamazione presso il Ministero della Cultura, si \u00e8 detto &#8220;estremamente emozionato e orgoglioso per aver raggiunto questo traguardo e aver dato alla mia citt\u00e0 questo riconoscimento importante per lo sviluppo della cultura, del turismo e dell&#8217;economia&#8221;. <br \/>&#8220;Oggi &#8211; ha proseguito il primo cittadino &#8211; non ha vinto solo Agrigento, non ha vinto la Sicilia, ma ha vinto l&#8217;Italia intera perch\u00e8 nel momento storico e politico in cui ci troviamo, aver promosso questo dossier incentrato sugli scambi culturali tra popoli, \u00e8 stato un grande atto di coraggio. Ho un desiderio e mi rivolgo ai colleghi sindaci: non lasciamoci oggi ma cerchiamo di creare quella rete turistica italiana, creiamo quella squadra dove gli atleti non si conoscono ma hanno tutti lo stesso obiettivo e spirito di appartenenza: quello di essere italiani&#8221;. Il presidente della Regione siciliana, Renato Schifani, nel commentare il riconoscimento ha assicurato come la Regione dar\u00e0 il proprio supporto e far\u00e0 la propria parte affinch\u00e8 &#8220;Agrigento possa cogliere per intero tutte le opportunit\u00e0 di crescita offerte da questo prestigioso ruolo. Un titolo che la citt\u00e0 merita non soltanto per la sua storia, i suoi monumenti, per gli autori che sono patrimonio di tutto il Paese e dell&#8217;Europa intera. Ma a convincere la giuria e a prevalere sulle altre autorevolissime citt\u00e0 in lizza &#8211; ha aggiunto Schifani &#8211; sono stati anche l&#8217;attualit\u00e0 e il valore del progetto che ha dato corpo alla candidatura della Citt\u00e0 dei templi&#8221;. <br \/>&#8220;Il rapporto con l&#8217;altro e dell&#8217;uomo con la natura, ma anche le relazioni tra culture diverse sono temi centrali in un tempo di trasformazioni come quello di oggi, di sfide che dobbiamo affrontare non soltanto sul piano culturale&#8221;, ha concluso.<div id=\"div-gpt-ad-Messinaoggi.it-DSK-300x250-corpoart\" style=\"text-align:center;margin:0 auto;\"><\/div><\/p>\n<p>&#8211; foto agenziafotogramma.it &#8211;<br \/>(ITALPRESS).<\/div>\n<div id=\"videoincontent\" style=\"clear:both\";><\/div>","protected":false},"excerpt":{"rendered":"<p>ROMA (ITALPRESS) &#8211; Sar\u00e0 Agrigento la Capitale della Cultura 2025. A dare l&#8217;annuncio il ministro della Cultura, Gennaro Sangiuliano, che ha ricordato come questo riconoscimento &#8220;consente per un anno di accendere in riflettori su quel territorio. Credo che una delle grandi ricchezze italiane, unicum nel mondo, sia la ricchezza e la pluralit\u00e0 dei suoi luoghi, [&hellip;]<\/p>\n","protected":false},"author":18,"featured_media":148984,"comment_status":"closed","ping_status":"closed","sticky":false,"template":"","format":"standard","meta":{"ub_ctt_via":"","_mi_skip_tracking":false},"categories":[446,6],"tags":[783],"featured_image_src":"https:\/\/www.messinaoggi.it\/website\/wp-content\/uploads\/2023\/03\/20230331_0800.jpg","author_info":{"display_name":"Admin","author_link":"https:\/\/www.messinaoggi.it\/website\/author\/admin\/"},"digistream_id":0,"digistream":false,"_links":{"self":[{"href":"https:\/\/www.messinaoggi.it\/website\/wp-json\/wp\/v2\/posts\/148983"}],"collection":[{"href":"https:\/\/www.messinaoggi.it\/website\/wp-json\/wp\/v2\/posts"}],"about":[{"href":"https:\/\/www.messinaoggi.it\/website\/wp-json\/wp\/v2\/types\/post"}],"author":[{"embeddable":true,"href":"https:\/\/www.messinaoggi.it\/website\/wp-json\/wp\/v2\/users\/18"}],"replies":[{"embeddable":true,"href":"https:\/\/www.messinaoggi.it\/website\/wp-json\/wp\/v2\/comments?post=148983"}],"version-history":[{"count":1,"href":"https:\/\/www.messinaoggi.it\/website\/wp-json\/wp\/v2\/posts\/148983\/revisions"}],"predecessor-version":[{"id":149031,"href":"https:\/\/www.messinaoggi.it\/website\/wp-json\/wp\/v2\/posts\/148983\/revisions\/149031"}],"wp:featuredmedia":[{"embeddable":true,"href":"https:\/\/www.messinaoggi.it\/website\/wp-json\/wp\/v2\/media\/148984"}],"wp:attachment":[{"href":"https:\/\/www.messinaoggi.it\/website\/wp-json\/wp\/v2\/media?parent=148983"}],"wp:term":[{"taxonomy":"category","embeddable":true,"href":"https:\/\/www.messinaoggi.it\/website\/wp-json\/wp\/v2\/categories?post=148983"},{"taxonomy":"post_tag","embeddable":true,"href":"https:\/\/www.messinaoggi.it\/website\/wp-json\/wp\/v2\/tags?post=148983"}],"curies":[{"name":"wp","href":"https:\/\/api.w.org\/{rel}","templated":true}]}}