{"id":14895,"date":"2018-01-28T17:46:20","date_gmt":"2018-01-28T16:46:20","guid":{"rendered":"http:\/\/www.messinaoggi.it\/website\/?p=14895"},"modified":"2018-01-28T17:46:20","modified_gmt":"2018-01-28T16:46:20","slug":"nasce-il-gruppo-associativo-macroregione-mediterranea","status":"publish","type":"post","link":"https:\/\/www.messinaoggi.it\/website\/2018\/01\/28\/nasce-il-gruppo-associativo-macroregione-mediterranea\/","title":{"rendered":"Nasce il gruppo associativo Macroregione Mediterranea"},"content":{"rendered":"<p style=\"text-align: justify;\">Presso l\u2019Accademia Peloritana dei Pericolanti dell\u2019Ateneo di Messina, marted\u00ec 23 gennaio u.s. si \u00e8 tenuto l\u2019incontro \u201cMettiamoci in cammino\u201d per la costituzione formale del Gruppo Associativo \u201cMacroregione Mediterranea Centro\u2013Occidentale\u201d (MMCO). Ne fanno parte 77 personalit\u00e0 del mondo culturale, accademico escientifico, delle professioni e della scuola, esperti di tecnologie innovative, della comunicazione e dei trasporti, giornalisti e scrittori di varie sedi italiane, da Nord a Sud.<div id=\"div-gpt-ad-Messinaoggi.it-DSK-300x250-corpoart\" style=\"text-align:center;margin:0 auto;\"><\/div><\/p>\n<p style=\"text-align: justify;\">La macroregione \u00e8 uno strumento di cooperazione e coesione, che opera nell\u2019ambito delle politiche regionali dell\u2019Unione Europea, con lo scopo di favorire la partecipazione al processo decisionale non solo degli Stati ma anche delle Regioni, degli Enti locali e della societ\u00e0 civile, in aree circoscritte dello spazio europeo1 . Nel 2009 venne istituita la prima macroregione denominata Regione del Mar Baltico (EUSBSR), nel 2010 la Regione del Danubio (EUSDR), nel 2014 la Strategia dell\u2019Unione europea per l&#8217;Adriatico e lo Ionio (EUSAIR), infine, nel 2015 fu istituita la Macroregione Alpina (EUSALP).<div id=\"videoincontent\" style=\"clear:both\";><\/div><\/p>\n<p style=\"text-align: justify;\">Sulla base dell\u2019esperienza, \u00e8 nata l\u2019idea di proporre l\u2019EU Strategy for Mediterranean Region (EUS-MeR, semplificato in italiano con MMCO), della quale sono stati studiati possibili scenari di interrelazione ed intervento, opportunit\u00e0 di crescita, lavoro e sviluppo. Fra i punti pi\u00f9 pressanti sono apparsi la protezione del mare, la connettivit\u00e0 dei corridoi europei con quelli del Nord Africa e tra questi i collegamenti Sud Italia \u2013 Nord Africa, la condivisione delle fonti di energia rinnovabili e non, i rapporti e gli scambi culturali formativi tra i popoli del bacino del Mediterraneo.<\/p>\n<p style=\"text-align: justify;\">Prossimo grande impegno la preparazione del Forum su \u201cLe Strategie macroregionali dell\u2019UE\u201d in Aula Magna dell\u2019Universit\u00e0 degli Studi di Messina, sabato 7 aprile 2018, con la partecipazione dell\u2019On. Andrea Cozzolino, eurodeputato del Gruppo Socialisti e Democratici (S&amp;D), che a quasi dieci anni dal lancio delle Macroregioni, su incarico del Parlamento europeo, ha presentato un rapporto, di cui lo stesso \u00e8 stato relatore, votato in Commissione Sviluppo regionale del Parlamento Europeo sull&#8217;attuazione delle strategie macroregionali.<\/p>\n<p style=\"text-align: justify;\">Al Forum parteciperanno anche rappresentati delle Macroregioni EUSALP e EUSAIR, della Regione Siciliana, Regione Calabria, Regione Campania e delle Citt\u00e0 Metropolitane di tali Regioni. In tale contesto sar\u00e0 presentato il primo numero di \u201cEsperienze Mediterranee\u201d, organo di riferimento di qualit\u00e0 e bellezza per il gruppo di studio e di ricerca.<\/p>\n<p> <\/p>\n","protected":false},"excerpt":{"rendered":"<p>Presso l\u2019Accademia Peloritana dei Pericolanti dell\u2019Ateneo di Messina, marted\u00ec 23 gennaio u.s. si \u00e8 tenuto l\u2019incontro \u201cMettiamoci in cammino\u201d per la costituzione formale del Gruppo Associativo \u201cMacroregione Mediterranea Centro\u2013Occidentale\u201d (MMCO). Ne fanno parte 77 personalit\u00e0 del mondo culturale, accademico escientifico, delle professioni e della scuola, esperti di tecnologie innovative, della comunicazione e dei trasporti, giornalisti [&hellip;]<\/p>\n","protected":false},"author":2,"featured_media":3562,"comment_status":"closed","ping_status":"open","sticky":false,"template":"","format":"standard","meta":{"ub_ctt_via":"","_mi_skip_tracking":false},"categories":[4],"tags":[],"featured_image_src":"https:\/\/www.messinaoggi.it\/website\/wp-content\/uploads\/2017\/06\/porto-messina-madonnina-e-stretto-messinaoggi-2.jpg","author_info":{"display_name":"Redazione","author_link":"https:\/\/www.messinaoggi.it\/website\/author\/redazione\/"},"digistream_id":0,"digistream":false,"_links":{"self":[{"href":"https:\/\/www.messinaoggi.it\/website\/wp-json\/wp\/v2\/posts\/14895"}],"collection":[{"href":"https:\/\/www.messinaoggi.it\/website\/wp-json\/wp\/v2\/posts"}],"about":[{"href":"https:\/\/www.messinaoggi.it\/website\/wp-json\/wp\/v2\/types\/post"}],"author":[{"embeddable":true,"href":"https:\/\/www.messinaoggi.it\/website\/wp-json\/wp\/v2\/users\/2"}],"replies":[{"embeddable":true,"href":"https:\/\/www.messinaoggi.it\/website\/wp-json\/wp\/v2\/comments?post=14895"}],"version-history":[{"count":0,"href":"https:\/\/www.messinaoggi.it\/website\/wp-json\/wp\/v2\/posts\/14895\/revisions"}],"wp:featuredmedia":[{"embeddable":true,"href":"https:\/\/www.messinaoggi.it\/website\/wp-json\/wp\/v2\/media\/3562"}],"wp:attachment":[{"href":"https:\/\/www.messinaoggi.it\/website\/wp-json\/wp\/v2\/media?parent=14895"}],"wp:term":[{"taxonomy":"category","embeddable":true,"href":"https:\/\/www.messinaoggi.it\/website\/wp-json\/wp\/v2\/categories?post=14895"},{"taxonomy":"post_tag","embeddable":true,"href":"https:\/\/www.messinaoggi.it\/website\/wp-json\/wp\/v2\/tags?post=14895"}],"curies":[{"name":"wp","href":"https:\/\/api.w.org\/{rel}","templated":true}]}}